{"id":10793,"date":"2021-12-10T12:31:01","date_gmt":"2021-12-10T20:31:01","guid":{"rendered":"https:\/\/www.sleepscore.com\/unkategorisiert\/so-wachst-du-frher-auf-tipps-und-vorteile\/"},"modified":"2025-09-15T08:19:13","modified_gmt":"2025-09-15T15:19:13","slug":"so-wachst-du-frher-auf-tipps-und-vorteile","status":"publish","type":"post","link":"https:\/\/www.sleep.ai\/de\/blog-de\/so-wachst-du-frher-auf-tipps-und-vorteile\/","title":{"rendered":"So stehst du fr\u00fcher auf: Tipps und Vorteile"},"content":{"rendered":"<p><span data-contrast=\"auto\">Mit Sicherheit kennst du die Redewendung \u201eDer fr\u00fche Vogel f\u00e4ngt den Wurm\u201c oder \u201eMit dem ersten Hahnenschrei aufstehen\u201c. Mit anderen Worten: Es kann durchaus Vorteile haben, in aller Herrgottsfr\u00fche wach zu werden. Aber was ist mit denjenigen unter uns, die im Gegensatz zu den Fr\u00fchaufstehern (Lerchen) lieber sp\u00e4ter aufwachen und sp\u00e4ter schlafen gehen \u2013 die Eulen? Diese Tendenz und Vorliebe, zu einer bestimmten Tageszeit optimal zu funktionieren, wird als Chronotyp bezeichnet. Obwohl du vielleicht nur von Lerchen und Eulen geh\u00f6rt hast, kann es tats\u00e4chlich mehr als zwei Chronotypen geben. Russische Forscher der RUDN-Universit\u00e4t in Moskau gaben sogar an,\u202fbis zu sechs verschiedene Chronotypen\u202fidentifiziert zu haben. Zus\u00e4tzlich zu den Morgen- und Abendtypen wurden hochaktive Typen, m\u00e4\u00dfig aktive Typen, Tagesm\u00fcdigkeitstypen und Tagestypen ermittelt.<\/span><span data-contrast=\"auto\">1<\/span><span data-contrast=\"auto\">\u202f\u00a0<\/span><span data-ccp-props=\"{&quot;134233118&quot;:true,&quot;201341983&quot;:0,&quot;335559739&quot;:160,&quot;335559740&quot;:240}\">\u00a0<\/span><\/p>\n<h2><b><span data-contrast=\"auto\">Die ber\u00fcchtigten 4-Uhr-morgens-Aufsteher \u2013 trotzen sie den Genen?<\/span><\/b><span data-ccp-props=\"{&quot;134233118&quot;:true,&quot;201341983&quot;:0,&quot;335559739&quot;:160,&quot;335559740&quot;:240}\">\u00a0<\/span><\/h2>\n<p><span data-contrast=\"auto\">Eine Reihe von CEOs und Personen in F\u00fchrungspositionen haben sogar die Vorteile von \u201eextremen\u201c Fr\u00fchaufstehen angepriesen \u2013 sozusagen die ber\u00fchmten 4-Uhr-morgens-Aufsteher. So behauptet der CEO von Apple, Tim Cook, beispielsweise, vor 4 Uhr morgens aufzustehen. Der CEO von Fiat Chrysler, Sergio Marchionne, wacht um 3:30 Uhr auf und der ehemalige US-Pr\u00e4sident Donald Trump behauptete einmal, um 5 Uhr morgens aufzustehen, obwohl er bis dahin nur vier bis f\u00fcnf Stunden geschlafen hat. Schon Benjamin Franklin hat einmal gesagt: \u201eFr\u00fch zu Bett und fr\u00fch aufstehen macht den Menschen gesund, reich und klug.\u201c Dabei vergisst man schnell, dass die meisten Menschen biologisch\u202f<\/span><i><span data-contrast=\"auto\">nicht<\/span><\/i><span data-contrast=\"auto\">\u202fdarauf vorbereitet sind, so fr\u00fch aufzuwachen. Dein Chronotyp wird tats\u00e4chlich stark von deiner genetischen Veranlagung beeinflusst. Eine Studie des Genetikunternehmens 23andMe, die in der Zeitschrift\u202fNature Communications\u202fver\u00f6ffentlicht wurde, identifizierte 15 genetische Varianten, die die Wahrscheinlichkeit, ein Morgenmensch zu sein, um f\u00fcnf bis 25 Prozent erh\u00f6hten. Alter und Geschlecht hatten einen erheblichen Einfluss auf die Wahrscheinlichkeit, ein Fr\u00fchaufsteher zu sein: 48% der Frauen waren eher Fr\u00fchaufsteher, dagegen aber nur 39% der M\u00e4nner. \u00c4ltere Erwachsene waren auch eher Fr\u00fchaufsteher; 63% der \u00fcber 60-J\u00e4hrigen standen eher fr\u00fch auf, verglichen mit nur 24% der unter 30-J\u00e4hrigen.<\/span><span data-contrast=\"auto\">2<\/span><span data-ccp-props=\"{&quot;134233118&quot;:true,&quot;201341983&quot;:0,&quot;335559739&quot;:160,&quot;335559740&quot;:240}\">\u00a0<\/span><\/p>\n<h2><b><span data-contrast=\"auto\">Wie selten sind Fr\u00fchaufsteher?<\/span><\/b><span data-ccp-props=\"{&quot;134233118&quot;:true,&quot;201341983&quot;:0,&quot;335559739&quot;:160,&quot;335559740&quot;:240}\">\u00a0<\/span><\/h2>\n<p><span data-contrast=\"auto\">Eine weitere Studie, die in der Zeitschrift\u202fSLEEP\u202fver\u00f6ffentlicht wurde, fand heraus, dass die Pr\u00e4valenz einer fortgeschrittenen Schlafphasenst\u00f6rung \u2013 die durch einen deutlich fr\u00fcheren als gesellschaftlich \u00fcblichen Schlafrhythmus gekennzeichnet ist \u2013 vorsichtig gesch\u00e4tzt bei weniger als 1% der Menschen liegt (der Studie zufolge bei einem von 300 Patienten).<\/span><span data-contrast=\"auto\">3<\/span><span data-contrast=\"auto\"> Es ist wichtig, sich in Erinnerung zu rufen, dass Menschen mit einer fortgeschrittenen Schlafphasenst\u00f6rung wahrscheinlich immer noch die empfohlene Menge an Schlaf pro Nacht bekommen. Sie gehen zwischen 18 und 21 Uhr zu Bett und wachen morgens zwischen 2 und 5 Uhr auf. Die ber\u00fchmten \u201e4-Uhr-Aufsteher\u201c geh\u00f6ren statistisch gesehen h\u00f6chstwahrscheinlich nicht zu den 0,3% der Menschen mit einer fortgeschrittenen Schlafphasenst\u00f6rung. Ihre fr\u00fche Wachzeit kann daher ihre F\u00e4higkeit einschr\u00e4nken, die empfohlene Mindestschlafdauer von sieben Stunden pro Nacht zu erreichen.<\/span><span data-ccp-props=\"{&quot;134233118&quot;:true,&quot;201341983&quot;:0,&quot;335559739&quot;:160,&quot;335559740&quot;:240}\">\u00a0<\/span><\/p>\n<h2><b><span data-contrast=\"auto\">Sollte ich extrem fr\u00fch aufstehen?<\/span><\/b><span data-ccp-props=\"{&quot;134233118&quot;:true,&quot;201341983&quot;:0,&quot;335559739&quot;:160,&quot;335559740&quot;:240}\">\u00a0<\/span><\/h2>\n<p><span data-contrast=\"auto\">Die meisten Menschen haben einen \u201emittleren\u201c Chronotyp \u2013 sie funktionieren am besten, wenn sie nicht zu sp\u00e4t einschlafen oder zu fr\u00fch aufwachen. Wenn du den Gedanken hast, du m\u00fcsstest unbedingt um 5 Uhr morgens aufstehen, um produktiv zu sein, solltest du diesen schnell fallen lassen. Auch wenn der typische Arbeitstag von 9 bis 17 Uhr Fr\u00fchaufsteher beg\u00fcnstigt, solltest du dich auf deinen nat\u00fcrlichen Chronotyp einstellen und nach flexiblen Arbeitsmodellen suchen, die dir helfen, das Beste aus deinem Tag herauszuholen.\u00a0<\/span><span data-ccp-props=\"{&quot;134233118&quot;:true,&quot;201341983&quot;:0,&quot;335559739&quot;:160,&quot;335559740&quot;:240}\">\u00a0<\/span><\/p>\n<p><span data-contrast=\"auto\">F\u00fcr viele von uns\u202fkann das Aufwachen um 4 Uhr morgens eine Qual sein. Jedes wichtige Organ im K\u00f6rper hat seinen eigenen Biorhythmus, und eine Verschiebung um zwei oder mehr Stunden kann seine Funktionsweise stark beeintr\u00e4chtigen und sogar eine Art permanenten\u202fJetlag\u202fverursachen. Wenn zu dieser Verschiebung eine Verk\u00fcrzung der Gesamtschlafzeit kommt, die sich aus der Erzwingung einer unnat\u00fcrlichen Wachzeit ergeben kann, k\u00f6nntest du dich pl\u00f6tzlich in einem Albtraum wiederfinden! F\u00fcr andere ist das fr\u00fche Aufstehen ein guter Start in den Tag, der es ihnen erm\u00f6glicht, H\u00f6chstleistungen zu bringen. Dennoch h\u00e4ngt die ideale Aufwachzeit und Schlafenszeit von deinem individuellen Chronotyp, Alter, Geschlecht und sogar deinen Vorlieben ab.<\/span><span data-ccp-props=\"{&quot;134233118&quot;:true,&quot;201341983&quot;:0,&quot;335559739&quot;:160,&quot;335559740&quot;:240}\">\u00a0<\/span><\/p>\n<h2><b><span data-contrast=\"auto\">Tipps f\u00fcr fr\u00fches Aufwachen<\/span><\/b><span data-ccp-props=\"{&quot;134233118&quot;:true,&quot;201341983&quot;:0,&quot;335559739&quot;:160,&quot;335559740&quot;:240}\">\u00a0<\/span><\/h2>\n<p><span data-contrast=\"auto\">Wenn du weiter daran festh\u00e4ltst, fr\u00fcher als gew\u00f6hnlich aufzuwachen, setze dir realistische Ziele und beginne damit, deine Schlafenszeit und Aufwachzeit\u202fschrittweise\u202fzu \u00e4ndern. Wenn du zum Beispiel daran gew\u00f6hnt bist, um 8 Uhr morgens aufzuwachen, stelle den Wecker 15 Minuten fr\u00fcher als gew\u00f6hnlich, auf 7:45 Uhr. Du kannst auch deine Schlafenszeit weiter verschieben. Sobald du dich daran gew\u00f6hnt hast, kannst du deinen Wecker um weitere 15 Minuten vorverlegen, bis du deine gew\u00fcnschte Wachzeit erreicht hast. Wenn du jedoch im Laufe des Tages einen starken Einbruch deiner Produktivit\u00e4t oder Stimmung versp\u00fcrst, solltest du auf deinen Chronotyp h\u00f6ren und dich nicht scheuen, zu deinem urspr\u00fcnglichen Zeitplan zur\u00fcckzukehren.<\/span><span data-ccp-props=\"{&quot;134233118&quot;:true,&quot;201341983&quot;:0,&quot;335559739&quot;:160,&quot;335559740&quot;:240}\">\u00a0<\/span><\/p>\n<h2><b><span data-contrast=\"auto\">Die Dein Schlaf. Dein Tag. App<\/span><\/b><span data-ccp-props=\"{&quot;134233118&quot;:true,&quot;201341983&quot;:0,&quot;335559739&quot;:160,&quot;335559740&quot;:240}\">\u00a0<\/span><\/h2>\n<p><span data-contrast=\"auto\">Mit der Dein Schlaf. Dein Tag. App hast du Zugang zu unserem holistischen Schlafkurs. Du erh\u00e4ltst individuelle Einblicke und weiterf\u00fchrende Artikel dar\u00fcber, wie gut du schl\u00e4fst, wie hoch die Qualit\u00e4t und Quantit\u00e4t deiner Schlafzyklen ist und wie du deinen Schlaf mit wissenschaftlich fundierten Tipps und Erkenntnissen verbessern kannst. Du hast die App noch nicht? Dann lade sie direkt herunter.\u00a0<\/span><span data-ccp-props=\"{&quot;134233118&quot;:true,&quot;201341983&quot;:0,&quot;335559739&quot;:160,&quot;335559740&quot;:240}\">\u00a0<\/span><\/p>\n<p><span data-contrast=\"auto\">Schlaf gut!<\/span><span data-ccp-props=\"{&quot;134233118&quot;:true,&quot;201341983&quot;:0,&quot;335559739&quot;:160,&quot;335559740&quot;:240}\">\u00a0<\/span><\/p>\n<h6><span data-contrast=\"auto\">1<\/span><span data-contrast=\"auto\"> Putilov AA, Sveshnikov DS, Puchkova AN, Dorokhov AB, Bakaeva ZB, Yakunina EB, Starshinov YP, Torshin VI, Alipov NN, Sergeeva OV, Trutneva, EA, Lapkin MM, Lopatskaya ZN, Budkevich RO, Budkevich, EV, Dyakovich MP, Donskaya OG, Plusnin JM, Delwiche B, Colomb C, Neu D, Mairesse O (2021). <\/span><span data-contrast=\"auto\">Single-Item Chronotyping (SIC), a method to self-assess diurnal types by using 6 simple charts. <\/span><i><span data-contrast=\"auto\">Personality and Individual Differences<\/span><\/i><span data-contrast=\"auto\">. Volume 168, Jan 1, 110353. <\/span><a href=\"https:\/\/doi.org\/10.1016\/j.paid.2020.110353\"><span data-contrast=\"auto\">https:\/\/doi.org\/10.1016\/j.paid.2020.110353<\/span><\/a><span data-ccp-props=\"{&quot;134233118&quot;:true,&quot;201341983&quot;:0,&quot;335559739&quot;:160,&quot;335559740&quot;:240}\">\u00a0<\/span><\/h6>\n<h6><span data-contrast=\"auto\">2 <\/span><span data-contrast=\"auto\">Hu Y, Shmygelska A, Tran D\u202f<\/span><i><span data-contrast=\"auto\">et al (2016).<\/span><\/i><span data-contrast=\"auto\">\u202fGWAS of 89,283 individuals identifies genetic variants associated with self-reporting of being a morning person.\u202f<\/span><i><span data-contrast=\"auto\">Nature Communications. <\/span><\/i><span data-contrast=\"auto\">7,\u202f10448. <\/span><a href=\"https:\/\/doi.org\/10.1038\/ncomms10448\"><span data-contrast=\"auto\">https:\/\/doi.org\/10.1038\/ncomms10448<\/span><\/a><span data-ccp-props=\"{&quot;201341983&quot;:0,&quot;335559739&quot;:160,&quot;335559740&quot;:259}\">\u00a0<\/span><\/h6>\n<h6><span data-contrast=\"auto\">3<\/span><span data-contrast=\"auto\"> Curtis BJ, Ashbrook LH, Young T, Finn LA, Fu Y-H, Pt\u00e1\u010dek LJ, Jones CR (2019). <\/span><span data-contrast=\"auto\">Extreme morning chronotypes are often familial and not exceedingly rare: the estimated prevalence of advanced sleep phase, familial advanced sleep phase, and advanced sleep\u2013wake phase disorder in a sleep clinic population.\u202f<\/span><i><span data-contrast=\"auto\">Sleep<\/span><\/i><span data-contrast=\"auto\">. Volume 42, Issue 10, zsz148,\u202f<\/span><a href=\"https:\/\/doi.org\/10.1093\/sleep\/zsz148\"><span data-contrast=\"auto\">https:\/\/doi.org\/10.1093\/sleep\/zsz148<\/span><\/a><span data-ccp-props=\"{&quot;201341983&quot;:0,&quot;335559739&quot;:160,&quot;335559740&quot;:259}\">\u00a0<\/span><\/h6>\n","protected":false},"excerpt":{"rendered":"<p>Mit Sicherheit kennst du die Redewendung \u201eDer fr\u00fche Vogel f\u00e4ngt den Wurm\u201c oder \u201eMit dem ersten Hahnenschrei aufstehen\u201c. Mit anderen Worten: Es kann durchaus Vorteile haben, in aller Herrgottsfr\u00fche wach zu werden. Aber was ist&#8230;<\/p>\n","protected":false},"author":1,"featured_media":10510,"comment_status":"closed","ping_status":"closed","sticky":false,"template":"","format":"standard","meta":{"_acf_changed":false,"footnotes":""},"categories":[4072,4077,4064,4071],"tags":[],"class_list":["post-10793","post","type-post","status-publish","format-standard","has-post-thumbnail","hentry","category-blog-de","category-mudigkeit-am-tag","category-unkategorisiert","category-verbesserung-des-schlafs"],"acf":[],"yoast_head":"<!-- This site is optimized with the Yoast SEO plugin v27.4 - https:\/\/yoast.com\/product\/yoast-seo-wordpress\/ -->\n<title>So stehst du fr\u00fcher auf: Tipps und Vorteile | Sleep.ai<\/title>\n<meta name=\"description\" content=\"Tipps &amp; Vorteile f\u00fcrs fr\u00fche Aufstehen. Lerne, wie du morgens leichter aus dem Bett kommst &amp; produktiver startest.\" \/>\n<meta name=\"robots\" content=\"index, follow, max-snippet:-1, max-image-preview:large, max-video-preview:-1\" \/>\n<link rel=\"canonical\" href=\"https:\/\/www.sleep.ai\/de\/blog-de\/so-wachst-du-frher-auf-tipps-und-vorteile\/\" \/>\n<meta property=\"og:locale\" content=\"de_DE\" \/>\n<meta property=\"og:type\" content=\"article\" \/>\n<meta property=\"og:title\" content=\"So stehst du fr\u00fcher auf: Tipps und Vorteile | Sleep.ai\" \/>\n<meta property=\"og:description\" content=\"Tipps &amp; Vorteile f\u00fcrs fr\u00fche Aufstehen. Lerne, wie du morgens leichter aus dem Bett kommst &amp; produktiver startest.\" \/>\n<meta property=\"og:url\" content=\"https:\/\/www.sleep.ai\/de\/blog-de\/so-wachst-du-frher-auf-tipps-und-vorteile\/\" \/>\n<meta property=\"og:site_name\" content=\"Sleep.ai\" \/>\n<meta property=\"article:published_time\" content=\"2021-12-10T20:31:01+00:00\" \/>\n<meta property=\"article:modified_time\" content=\"2025-09-15T15:19:13+00:00\" \/>\n<meta property=\"og:image\" content=\"https:\/\/www.sleep.ai\/app\/uploads\/2021\/06\/iStock-1191072703.jpg\" \/>\n\t<meta property=\"og:image:width\" content=\"1254\" \/>\n\t<meta property=\"og:image:height\" content=\"837\" \/>\n\t<meta property=\"og:image:type\" content=\"image\/jpeg\" \/>\n<meta name=\"author\" content=\"SleepScore Labs\" \/>\n<meta name=\"twitter:card\" content=\"summary_large_image\" \/>\n<meta name=\"twitter:label1\" content=\"Written by\" \/>\n\t<meta name=\"twitter:data1\" content=\"SleepScore Labs\" \/>\n\t<meta name=\"twitter:label2\" content=\"Est. reading time\" \/>\n\t<meta name=\"twitter:data2\" content=\"5 minutes\" \/>\n<script type=\"application\/ld+json\" class=\"yoast-schema-graph\">{\"@context\":\"https:\\\/\\\/schema.org\",\"@graph\":[{\"@type\":\"Article\",\"@id\":\"https:\\\/\\\/www.sleep.ai\\\/de\\\/blog-de\\\/so-wachst-du-frher-auf-tipps-und-vorteile\\\/#article\",\"isPartOf\":{\"@id\":\"https:\\\/\\\/www.sleep.ai\\\/de\\\/blog-de\\\/so-wachst-du-frher-auf-tipps-und-vorteile\\\/\"},\"author\":{\"name\":\"SleepScore Labs\",\"@id\":\"https:\\\/\\\/www.sleep.ai\\\/de\\\/#\\\/schema\\\/person\\\/62858797730922cebe308826534f5fb2\"},\"headline\":\"So stehst du fr\u00fcher auf: Tipps und Vorteile\",\"datePublished\":\"2021-12-10T20:31:01+00:00\",\"dateModified\":\"2025-09-15T15:19:13+00:00\",\"mainEntityOfPage\":{\"@id\":\"https:\\\/\\\/www.sleep.ai\\\/de\\\/blog-de\\\/so-wachst-du-frher-auf-tipps-und-vorteile\\\/\"},\"wordCount\":1037,\"image\":{\"@id\":\"https:\\\/\\\/www.sleep.ai\\\/de\\\/blog-de\\\/so-wachst-du-frher-auf-tipps-und-vorteile\\\/#primaryimage\"},\"thumbnailUrl\":\"https:\\\/\\\/www.sleep.ai\\\/app\\\/uploads\\\/2021\\\/06\\\/iStock-1191072703.jpg\",\"articleSection\":[\"Blog\",\"M\u00fcdigkeit am Tag\",\"Unkategorisiert\",\"Verbesserung des Schlafs\"],\"inLanguage\":\"de-DE\"},{\"@type\":\"WebPage\",\"@id\":\"https:\\\/\\\/www.sleep.ai\\\/de\\\/blog-de\\\/so-wachst-du-frher-auf-tipps-und-vorteile\\\/\",\"url\":\"https:\\\/\\\/www.sleep.ai\\\/de\\\/blog-de\\\/so-wachst-du-frher-auf-tipps-und-vorteile\\\/\",\"name\":\"So stehst du fr\u00fcher auf: Tipps und Vorteile | Sleep.ai\",\"isPartOf\":{\"@id\":\"https:\\\/\\\/www.sleep.ai\\\/de\\\/#website\"},\"primaryImageOfPage\":{\"@id\":\"https:\\\/\\\/www.sleep.ai\\\/de\\\/blog-de\\\/so-wachst-du-frher-auf-tipps-und-vorteile\\\/#primaryimage\"},\"image\":{\"@id\":\"https:\\\/\\\/www.sleep.ai\\\/de\\\/blog-de\\\/so-wachst-du-frher-auf-tipps-und-vorteile\\\/#primaryimage\"},\"thumbnailUrl\":\"https:\\\/\\\/www.sleep.ai\\\/app\\\/uploads\\\/2021\\\/06\\\/iStock-1191072703.jpg\",\"datePublished\":\"2021-12-10T20:31:01+00:00\",\"dateModified\":\"2025-09-15T15:19:13+00:00\",\"author\":{\"@id\":\"https:\\\/\\\/www.sleep.ai\\\/de\\\/#\\\/schema\\\/person\\\/62858797730922cebe308826534f5fb2\"},\"description\":\"Tipps & Vorteile f\u00fcrs fr\u00fche Aufstehen. Lerne, wie du morgens leichter aus dem Bett kommst & produktiver startest.\",\"breadcrumb\":{\"@id\":\"https:\\\/\\\/www.sleep.ai\\\/de\\\/blog-de\\\/so-wachst-du-frher-auf-tipps-und-vorteile\\\/#breadcrumb\"},\"inLanguage\":\"de-DE\",\"potentialAction\":[{\"@type\":\"ReadAction\",\"target\":[\"https:\\\/\\\/www.sleep.ai\\\/de\\\/blog-de\\\/so-wachst-du-frher-auf-tipps-und-vorteile\\\/\"]}]},{\"@type\":\"ImageObject\",\"inLanguage\":\"de-DE\",\"@id\":\"https:\\\/\\\/www.sleep.ai\\\/de\\\/blog-de\\\/so-wachst-du-frher-auf-tipps-und-vorteile\\\/#primaryimage\",\"url\":\"https:\\\/\\\/www.sleep.ai\\\/app\\\/uploads\\\/2021\\\/06\\\/iStock-1191072703.jpg\",\"contentUrl\":\"https:\\\/\\\/www.sleep.ai\\\/app\\\/uploads\\\/2021\\\/06\\\/iStock-1191072703.jpg\",\"width\":1254,\"height\":837,\"caption\":\"Aufnahme einer jungen Frau, die zu Hause im Bett eine entspannende Tasse Kaffee genie&szlig;t\"},{\"@type\":\"BreadcrumbList\",\"@id\":\"https:\\\/\\\/www.sleep.ai\\\/de\\\/blog-de\\\/so-wachst-du-frher-auf-tipps-und-vorteile\\\/#breadcrumb\",\"itemListElement\":[{\"@type\":\"ListItem\",\"position\":1,\"name\":\"Home\",\"item\":\"https:\\\/\\\/www.sleep.ai\\\/de\\\/\"},{\"@type\":\"ListItem\",\"position\":2,\"name\":\"So stehst du fr\u00fcher auf: Tipps und Vorteile\"}]},{\"@type\":\"WebSite\",\"@id\":\"https:\\\/\\\/www.sleep.ai\\\/de\\\/#website\",\"url\":\"https:\\\/\\\/www.sleep.ai\\\/de\\\/\",\"name\":\"Sleep ai\",\"description\":\"AI-Powered Sleep Intelligence\",\"potentialAction\":[{\"@type\":\"SearchAction\",\"target\":{\"@type\":\"EntryPoint\",\"urlTemplate\":\"https:\\\/\\\/www.sleep.ai\\\/de\\\/?s={search_term_string}\"},\"query-input\":{\"@type\":\"PropertyValueSpecification\",\"valueRequired\":true,\"valueName\":\"search_term_string\"}}],\"inLanguage\":\"de-DE\"},{\"@type\":\"Person\",\"@id\":\"https:\\\/\\\/www.sleep.ai\\\/de\\\/#\\\/schema\\\/person\\\/62858797730922cebe308826534f5fb2\",\"name\":\"SleepScore Labs\"}]}<\/script>\n<!-- \/ Yoast SEO plugin. -->","yoast_head_json":{"title":"So stehst du fr\u00fcher auf: Tipps und Vorteile | Sleep.ai","description":"Tipps & Vorteile f\u00fcrs fr\u00fche Aufstehen. Lerne, wie du morgens leichter aus dem Bett kommst & produktiver startest.","robots":{"index":"index","follow":"follow","max-snippet":"max-snippet:-1","max-image-preview":"max-image-preview:large","max-video-preview":"max-video-preview:-1"},"canonical":"https:\/\/www.sleep.ai\/de\/blog-de\/so-wachst-du-frher-auf-tipps-und-vorteile\/","og_locale":"de_DE","og_type":"article","og_title":"So stehst du fr\u00fcher auf: Tipps und Vorteile | Sleep.ai","og_description":"Tipps & Vorteile f\u00fcrs fr\u00fche Aufstehen. Lerne, wie du morgens leichter aus dem Bett kommst & produktiver startest.","og_url":"https:\/\/www.sleep.ai\/de\/blog-de\/so-wachst-du-frher-auf-tipps-und-vorteile\/","og_site_name":"Sleep.ai","article_published_time":"2021-12-10T20:31:01+00:00","article_modified_time":"2025-09-15T15:19:13+00:00","og_image":[{"width":1254,"height":837,"url":"https:\/\/www.sleep.ai\/app\/uploads\/2021\/06\/iStock-1191072703.jpg","type":"image\/jpeg"}],"author":"SleepScore Labs","twitter_card":"summary_large_image","twitter_misc":{"Written by":"SleepScore Labs","Est. reading time":"5 minutes"},"schema":{"@context":"https:\/\/schema.org","@graph":[{"@type":"Article","@id":"https:\/\/www.sleep.ai\/de\/blog-de\/so-wachst-du-frher-auf-tipps-und-vorteile\/#article","isPartOf":{"@id":"https:\/\/www.sleep.ai\/de\/blog-de\/so-wachst-du-frher-auf-tipps-und-vorteile\/"},"author":{"name":"SleepScore Labs","@id":"https:\/\/www.sleep.ai\/de\/#\/schema\/person\/62858797730922cebe308826534f5fb2"},"headline":"So stehst du fr\u00fcher auf: Tipps und Vorteile","datePublished":"2021-12-10T20:31:01+00:00","dateModified":"2025-09-15T15:19:13+00:00","mainEntityOfPage":{"@id":"https:\/\/www.sleep.ai\/de\/blog-de\/so-wachst-du-frher-auf-tipps-und-vorteile\/"},"wordCount":1037,"image":{"@id":"https:\/\/www.sleep.ai\/de\/blog-de\/so-wachst-du-frher-auf-tipps-und-vorteile\/#primaryimage"},"thumbnailUrl":"https:\/\/www.sleep.ai\/app\/uploads\/2021\/06\/iStock-1191072703.jpg","articleSection":["Blog","M\u00fcdigkeit am Tag","Unkategorisiert","Verbesserung des Schlafs"],"inLanguage":"de-DE"},{"@type":"WebPage","@id":"https:\/\/www.sleep.ai\/de\/blog-de\/so-wachst-du-frher-auf-tipps-und-vorteile\/","url":"https:\/\/www.sleep.ai\/de\/blog-de\/so-wachst-du-frher-auf-tipps-und-vorteile\/","name":"So stehst du fr\u00fcher auf: Tipps und Vorteile | Sleep.ai","isPartOf":{"@id":"https:\/\/www.sleep.ai\/de\/#website"},"primaryImageOfPage":{"@id":"https:\/\/www.sleep.ai\/de\/blog-de\/so-wachst-du-frher-auf-tipps-und-vorteile\/#primaryimage"},"image":{"@id":"https:\/\/www.sleep.ai\/de\/blog-de\/so-wachst-du-frher-auf-tipps-und-vorteile\/#primaryimage"},"thumbnailUrl":"https:\/\/www.sleep.ai\/app\/uploads\/2021\/06\/iStock-1191072703.jpg","datePublished":"2021-12-10T20:31:01+00:00","dateModified":"2025-09-15T15:19:13+00:00","author":{"@id":"https:\/\/www.sleep.ai\/de\/#\/schema\/person\/62858797730922cebe308826534f5fb2"},"description":"Tipps & Vorteile f\u00fcrs fr\u00fche Aufstehen. Lerne, wie du morgens leichter aus dem Bett kommst & produktiver startest.","breadcrumb":{"@id":"https:\/\/www.sleep.ai\/de\/blog-de\/so-wachst-du-frher-auf-tipps-und-vorteile\/#breadcrumb"},"inLanguage":"de-DE","potentialAction":[{"@type":"ReadAction","target":["https:\/\/www.sleep.ai\/de\/blog-de\/so-wachst-du-frher-auf-tipps-und-vorteile\/"]}]},{"@type":"ImageObject","inLanguage":"de-DE","@id":"https:\/\/www.sleep.ai\/de\/blog-de\/so-wachst-du-frher-auf-tipps-und-vorteile\/#primaryimage","url":"https:\/\/www.sleep.ai\/app\/uploads\/2021\/06\/iStock-1191072703.jpg","contentUrl":"https:\/\/www.sleep.ai\/app\/uploads\/2021\/06\/iStock-1191072703.jpg","width":1254,"height":837,"caption":"Aufnahme einer jungen Frau, die zu Hause im Bett eine entspannende Tasse Kaffee genie&szlig;t"},{"@type":"BreadcrumbList","@id":"https:\/\/www.sleep.ai\/de\/blog-de\/so-wachst-du-frher-auf-tipps-und-vorteile\/#breadcrumb","itemListElement":[{"@type":"ListItem","position":1,"name":"Home","item":"https:\/\/www.sleep.ai\/de\/"},{"@type":"ListItem","position":2,"name":"So stehst du fr\u00fcher auf: Tipps und Vorteile"}]},{"@type":"WebSite","@id":"https:\/\/www.sleep.ai\/de\/#website","url":"https:\/\/www.sleep.ai\/de\/","name":"Sleep ai","description":"AI-Powered Sleep Intelligence","potentialAction":[{"@type":"SearchAction","target":{"@type":"EntryPoint","urlTemplate":"https:\/\/www.sleep.ai\/de\/?s={search_term_string}"},"query-input":{"@type":"PropertyValueSpecification","valueRequired":true,"valueName":"search_term_string"}}],"inLanguage":"de-DE"},{"@type":"Person","@id":"https:\/\/www.sleep.ai\/de\/#\/schema\/person\/62858797730922cebe308826534f5fb2","name":"SleepScore Labs"}]}},"_links":{"self":[{"href":"https:\/\/www.sleep.ai\/de\/wp-json\/wp\/v2\/posts\/10793","targetHints":{"allow":["GET"]}}],"collection":[{"href":"https:\/\/www.sleep.ai\/de\/wp-json\/wp\/v2\/posts"}],"about":[{"href":"https:\/\/www.sleep.ai\/de\/wp-json\/wp\/v2\/types\/post"}],"author":[{"embeddable":true,"href":"https:\/\/www.sleep.ai\/de\/wp-json\/wp\/v2\/users\/1"}],"replies":[{"embeddable":true,"href":"https:\/\/www.sleep.ai\/de\/wp-json\/wp\/v2\/comments?post=10793"}],"version-history":[{"count":1,"href":"https:\/\/www.sleep.ai\/de\/wp-json\/wp\/v2\/posts\/10793\/revisions"}],"predecessor-version":[{"id":14602,"href":"https:\/\/www.sleep.ai\/de\/wp-json\/wp\/v2\/posts\/10793\/revisions\/14602"}],"wp:featuredmedia":[{"embeddable":true,"href":"https:\/\/www.sleep.ai\/de\/wp-json\/wp\/v2\/media\/10510"}],"wp:attachment":[{"href":"https:\/\/www.sleep.ai\/de\/wp-json\/wp\/v2\/media?parent=10793"}],"wp:term":[{"taxonomy":"category","embeddable":true,"href":"https:\/\/www.sleep.ai\/de\/wp-json\/wp\/v2\/categories?post=10793"},{"taxonomy":"post_tag","embeddable":true,"href":"https:\/\/www.sleep.ai\/de\/wp-json\/wp\/v2\/tags?post=10793"}],"curies":[{"name":"wp","href":"https:\/\/api.w.org\/{rel}","templated":true}]}}