{"id":10780,"date":"2021-12-10T12:19:15","date_gmt":"2021-12-10T20:19:15","guid":{"rendered":"https:\/\/www.sleepscore.com\/unkategorisiert\/bereit-fr-das-ende-der-sommerzeit-das-musst-du-darber-wissen\/"},"modified":"2025-09-26T05:11:50","modified_gmt":"2025-09-26T12:11:50","slug":"bereit-fr-das-ende-der-sommerzeit-das-musst-du-darber-wissen","status":"publish","type":"post","link":"https:\/\/www.sleep.ai\/de\/blog-de\/bereit-fr-das-ende-der-sommerzeit-das-musst-du-darber-wissen\/","title":{"rendered":"Die allj\u00e4hrliche Zeitumstellung und ihre Auswirkung auf unseren Schlaf"},"content":{"rendered":"<p>Zweimal im Jahr werden weltweit die Uhren von Milliarden Menschen umgestellt. Viele sind der Meinung, dass der Wechsel von der Sommerzeit zur Standardzeit der weniger problematische ist. Doch was bedeutet es f\u00fcr unseren Schlaf, wenn wir im Herbst unsere Uhren eine Stunde zur\u00fcckstellen?<\/p>\n<h2><strong>Wie wirkt sich die Sommerzeit auf den Schlaf aus?<\/strong><\/h2>\n<p>Das Tageslicht spielt eine gro\u00dfe Rolle f\u00fcr den Schlaf. Tats\u00e4chlich reguliert Licht den nat\u00fcrlichen Schlaf-Wach-Zyklus. Mit dem Ende der Sommerzeit im Herbst werden die Tage k\u00fcrzer: Die Nacht bricht fr\u00fcher an, w\u00e4hrend die Sonne fr\u00fcher aufgeht. Dies erh\u00f6ht deine Chancen auf eine nat\u00fcrliche Lichtexposition am Morgen, die mit einer k\u00fcrzeren Einschlafzeit, einer verbesserten Schlafqualit\u00e4t und sogar einer geringeren Neigung zu Depression in Verbindung gebracht wird.<\/p>\n<p>Was ist mit dem Licht am Abend? Da die Tage immer fr\u00fcher dunkel werden, verbringen wir abends mehr Zeit mit k\u00fcnstlichem Licht. Lichteinwirkung am Abend \u2013 von der Wohnzimmerlampe bis zum Laptop-Bildschirm \u2013 kann den Einschlafvorgang verz\u00f6gern und dich bis sp\u00e4t wachhalten.<\/p>\n<p>W\u00e4hrend sich dein K\u00f6rper an die dunkleren Herbst- und Wintern\u00e4chte gew\u00f6hnt, solltest du darauf achten, wie viel Licht du dich vor dem Schlafengehen aussetzt, insbesondere bei Ger\u00e4ten, die Blaulicht ausstrahlen, wie Telefone, Tablets und Computer. Bei der Gew\u00f6hnung an die Umstellung wirst du m\u00f6glicherweise fr\u00fcher einschlafen und aufwachen. Die gute Nachricht ist, dass du dich dadurch wom\u00f6glich am Morgen wacher f\u00fchlen kannst. Mehrere Studien haben ergeben, dass das Ende der Sommerzeit das Gef\u00fchl von Wachheit am Tagesanfang f\u00f6rdert.<sup>1<\/sup><\/p>\n<h2><strong>Weitere hilfreiche Tipps f\u00fcr einen besseren Schlaf<\/strong><\/h2>\n<p>Zusammenfassend l\u00e4sst sich sagen, dass das Ende der Sommerzeit in Bezug auf Schlaf f\u00fcr viele Menschen mehr Vorteile als Probleme bringt. Wenn die Zeitumstellung dich dazu veranlasst, \u00fcber deine Schlafgewohnheiten nachzudenken, solltest du die Gelegenheit nutzen, einige n\u00fctzliche Tipps zu beherzigen, damit du dich bestm\u00f6glich erholen kannst.<\/p>\n<ul>\n<li>Achte auf eine regelm\u00e4\u00dfige Schlafenszeit. Dein Schlaf f\u00f6rdert deine Regeneration am besten, wenn du jeden Tag um dieselbe Uhrzeit einschl\u00e4fst und aufwachst \u2013 auch am Wochenende.<\/li>\n<li>Vermeide abends helles Licht und lasse es stattdessen am Morgen in dein Zimmer<\/li>\n<li>Verwandele dein Schlafzimmer nachts in eine Art H\u00f6hle: Eine k\u00fchle, ruhige und dunkle Schlafumgebung ist die beste Voraussetzung, um die n\u00f6tige Nachtruhe zu finden.<\/li>\n<\/ul>\n<p>Schlaf gut!<\/p>\n<h6><sup>1<\/sup> Sleep Foundation. <a href=\"https:\/\/www.sleepfoundation.org\/circadian-rhythm\/daylight-saving-time\">https:\/\/www.sleepfoundation.org\/circadian-rhythm\/daylight-saving-time<\/a><\/h6>\n","protected":false},"excerpt":{"rendered":"<p>Zweimal im Jahr werden weltweit die Uhren von Milliarden Menschen umgestellt. Viele sind der Meinung, dass der Wechsel von der Sommerzeit zur Standardzeit der weniger problematische ist. Doch was bedeutet es f\u00fcr unseren Schlaf, wenn&#8230;<\/p>\n","protected":false},"author":1,"featured_media":11383,"comment_status":"closed","ping_status":"closed","sticky":false,"template":"","format":"standard","meta":{"_acf_changed":false,"footnotes":""},"categories":[4072,4077,4064,4087],"tags":[],"class_list":["post-10780","post","type-post","status-publish","format-standard","has-post-thumbnail","hentry","category-blog-de","category-mudigkeit-am-tag","category-unkategorisiert","category-wissenschaft"],"acf":[],"yoast_head":"<!-- This site is optimized with the Yoast SEO plugin v27.4 - https:\/\/yoast.com\/product\/yoast-seo-wordpress\/ -->\n<title>Wie sich die j\u00e4hrliche Zeitumstellung auf unseren Schlaf auswirkt<\/title>\n<meta name=\"description\" content=\"Finde heraus, wie du dich optimal auf die Zeitumstellung vorbereitest und deinen Schlafrhythmus stabil h\u00e4ltst.\" \/>\n<meta name=\"robots\" content=\"index, follow, max-snippet:-1, max-image-preview:large, max-video-preview:-1\" \/>\n<link rel=\"canonical\" href=\"https:\/\/www.sleep.ai\/de\/blog-de\/bereit-fr-das-ende-der-sommerzeit-das-musst-du-darber-wissen\/\" \/>\n<meta property=\"og:locale\" content=\"de_DE\" \/>\n<meta property=\"og:type\" content=\"article\" \/>\n<meta property=\"og:title\" content=\"Bereit f\u00fcr das Ende der Sommerzeit? Das musst du dar\u00fcber wissen\" \/>\n<meta property=\"og:description\" content=\"Finde heraus, wie du dich optimal auf die Zeitumstellung vorbereitest und deinen Schlafrhythmus stabil h\u00e4ltst.\" \/>\n<meta property=\"og:url\" content=\"https:\/\/www.sleep.ai\/de\/blog-de\/bereit-fr-das-ende-der-sommerzeit-das-musst-du-darber-wissen\/\" \/>\n<meta property=\"og:site_name\" content=\"Sleep.ai\" \/>\n<meta property=\"article:published_time\" content=\"2021-12-10T20:19:15+00:00\" \/>\n<meta property=\"article:modified_time\" content=\"2025-09-26T12:11:50+00:00\" \/>\n<meta property=\"og:image\" content=\"https:\/\/www.sleep.ai\/app\/uploads\/2021\/12\/Ende-Sommerzeit_iStock-940424406-scaled.jpg\" \/>\n\t<meta property=\"og:image:width\" content=\"2560\" \/>\n\t<meta property=\"og:image:height\" content=\"1709\" \/>\n\t<meta property=\"og:image:type\" content=\"image\/jpeg\" \/>\n<meta name=\"author\" content=\"SleepScore Labs\" \/>\n<meta name=\"twitter:card\" content=\"summary_large_image\" \/>\n<meta name=\"twitter:title\" content=\"Bereit f\u00fcr das Ende der Sommerzeit? Das musst du dar\u00fcber wissen\" \/>\n<meta name=\"twitter:label1\" content=\"Written by\" \/>\n\t<meta name=\"twitter:data1\" content=\"SleepScore Labs\" \/>\n\t<meta name=\"twitter:label2\" content=\"Est. reading time\" \/>\n\t<meta name=\"twitter:data2\" content=\"2 minutes\" \/>\n<script type=\"application\/ld+json\" class=\"yoast-schema-graph\">{\"@context\":\"https:\\\/\\\/schema.org\",\"@graph\":[{\"@type\":\"Article\",\"@id\":\"https:\\\/\\\/www.sleep.ai\\\/de\\\/blog-de\\\/bereit-fr-das-ende-der-sommerzeit-das-musst-du-darber-wissen\\\/#article\",\"isPartOf\":{\"@id\":\"https:\\\/\\\/www.sleep.ai\\\/de\\\/blog-de\\\/bereit-fr-das-ende-der-sommerzeit-das-musst-du-darber-wissen\\\/\"},\"author\":{\"name\":\"SleepScore Labs\",\"@id\":\"https:\\\/\\\/www.sleep.ai\\\/de\\\/#\\\/schema\\\/person\\\/62858797730922cebe308826534f5fb2\"},\"headline\":\"Die allj\u00e4hrliche Zeitumstellung und ihre Auswirkung auf unseren Schlaf\",\"datePublished\":\"2021-12-10T20:19:15+00:00\",\"dateModified\":\"2025-09-26T12:11:50+00:00\",\"mainEntityOfPage\":{\"@id\":\"https:\\\/\\\/www.sleep.ai\\\/de\\\/blog-de\\\/bereit-fr-das-ende-der-sommerzeit-das-musst-du-darber-wissen\\\/\"},\"wordCount\":412,\"image\":{\"@id\":\"https:\\\/\\\/www.sleep.ai\\\/de\\\/blog-de\\\/bereit-fr-das-ende-der-sommerzeit-das-musst-du-darber-wissen\\\/#primaryimage\"},\"thumbnailUrl\":\"https:\\\/\\\/www.sleep.ai\\\/app\\\/uploads\\\/2021\\\/12\\\/Ende-Sommerzeit_iStock-940424406-scaled.jpg\",\"articleSection\":[\"Blog\",\"M\u00fcdigkeit am Tag\",\"Unkategorisiert\",\"Wissenschaft\"],\"inLanguage\":\"de-DE\"},{\"@type\":\"WebPage\",\"@id\":\"https:\\\/\\\/www.sleep.ai\\\/de\\\/blog-de\\\/bereit-fr-das-ende-der-sommerzeit-das-musst-du-darber-wissen\\\/\",\"url\":\"https:\\\/\\\/www.sleep.ai\\\/de\\\/blog-de\\\/bereit-fr-das-ende-der-sommerzeit-das-musst-du-darber-wissen\\\/\",\"name\":\"Wie sich die j\u00e4hrliche Zeitumstellung auf unseren Schlaf auswirkt\",\"isPartOf\":{\"@id\":\"https:\\\/\\\/www.sleep.ai\\\/de\\\/#website\"},\"primaryImageOfPage\":{\"@id\":\"https:\\\/\\\/www.sleep.ai\\\/de\\\/blog-de\\\/bereit-fr-das-ende-der-sommerzeit-das-musst-du-darber-wissen\\\/#primaryimage\"},\"image\":{\"@id\":\"https:\\\/\\\/www.sleep.ai\\\/de\\\/blog-de\\\/bereit-fr-das-ende-der-sommerzeit-das-musst-du-darber-wissen\\\/#primaryimage\"},\"thumbnailUrl\":\"https:\\\/\\\/www.sleep.ai\\\/app\\\/uploads\\\/2021\\\/12\\\/Ende-Sommerzeit_iStock-940424406-scaled.jpg\",\"datePublished\":\"2021-12-10T20:19:15+00:00\",\"dateModified\":\"2025-09-26T12:11:50+00:00\",\"author\":{\"@id\":\"https:\\\/\\\/www.sleep.ai\\\/de\\\/#\\\/schema\\\/person\\\/62858797730922cebe308826534f5fb2\"},\"description\":\"Finde heraus, wie du dich optimal auf die Zeitumstellung vorbereitest und deinen Schlafrhythmus stabil h\u00e4ltst.\",\"breadcrumb\":{\"@id\":\"https:\\\/\\\/www.sleep.ai\\\/de\\\/blog-de\\\/bereit-fr-das-ende-der-sommerzeit-das-musst-du-darber-wissen\\\/#breadcrumb\"},\"inLanguage\":\"de-DE\",\"potentialAction\":[{\"@type\":\"ReadAction\",\"target\":[\"https:\\\/\\\/www.sleep.ai\\\/de\\\/blog-de\\\/bereit-fr-das-ende-der-sommerzeit-das-musst-du-darber-wissen\\\/\"]}]},{\"@type\":\"ImageObject\",\"inLanguage\":\"de-DE\",\"@id\":\"https:\\\/\\\/www.sleep.ai\\\/de\\\/blog-de\\\/bereit-fr-das-ende-der-sommerzeit-das-musst-du-darber-wissen\\\/#primaryimage\",\"url\":\"https:\\\/\\\/www.sleep.ai\\\/app\\\/uploads\\\/2021\\\/12\\\/Ende-Sommerzeit_iStock-940424406-scaled.jpg\",\"contentUrl\":\"https:\\\/\\\/www.sleep.ai\\\/app\\\/uploads\\\/2021\\\/12\\\/Ende-Sommerzeit_iStock-940424406-scaled.jpg\",\"width\":2560,\"height\":1709,\"caption\":\"Ende-Sommerzeit\"},{\"@type\":\"BreadcrumbList\",\"@id\":\"https:\\\/\\\/www.sleep.ai\\\/de\\\/blog-de\\\/bereit-fr-das-ende-der-sommerzeit-das-musst-du-darber-wissen\\\/#breadcrumb\",\"itemListElement\":[{\"@type\":\"ListItem\",\"position\":1,\"name\":\"Home\",\"item\":\"https:\\\/\\\/www.sleep.ai\\\/de\\\/\"},{\"@type\":\"ListItem\",\"position\":2,\"name\":\"Die allj\u00e4hrliche Zeitumstellung und ihre Auswirkung auf unseren Schlaf\"}]},{\"@type\":\"WebSite\",\"@id\":\"https:\\\/\\\/www.sleep.ai\\\/de\\\/#website\",\"url\":\"https:\\\/\\\/www.sleep.ai\\\/de\\\/\",\"name\":\"Sleep ai\",\"description\":\"AI-Powered Sleep Intelligence\",\"potentialAction\":[{\"@type\":\"SearchAction\",\"target\":{\"@type\":\"EntryPoint\",\"urlTemplate\":\"https:\\\/\\\/www.sleep.ai\\\/de\\\/?s={search_term_string}\"},\"query-input\":{\"@type\":\"PropertyValueSpecification\",\"valueRequired\":true,\"valueName\":\"search_term_string\"}}],\"inLanguage\":\"de-DE\"},{\"@type\":\"Person\",\"@id\":\"https:\\\/\\\/www.sleep.ai\\\/de\\\/#\\\/schema\\\/person\\\/62858797730922cebe308826534f5fb2\",\"name\":\"SleepScore Labs\"}]}<\/script>\n<!-- \/ Yoast SEO plugin. -->","yoast_head_json":{"title":"Wie sich die j\u00e4hrliche Zeitumstellung auf unseren Schlaf auswirkt","description":"Finde heraus, wie du dich optimal auf die Zeitumstellung vorbereitest und deinen Schlafrhythmus stabil h\u00e4ltst.","robots":{"index":"index","follow":"follow","max-snippet":"max-snippet:-1","max-image-preview":"max-image-preview:large","max-video-preview":"max-video-preview:-1"},"canonical":"https:\/\/www.sleep.ai\/de\/blog-de\/bereit-fr-das-ende-der-sommerzeit-das-musst-du-darber-wissen\/","og_locale":"de_DE","og_type":"article","og_title":"Bereit f\u00fcr das Ende der Sommerzeit? Das musst du dar\u00fcber wissen","og_description":"Finde heraus, wie du dich optimal auf die Zeitumstellung vorbereitest und deinen Schlafrhythmus stabil h\u00e4ltst.","og_url":"https:\/\/www.sleep.ai\/de\/blog-de\/bereit-fr-das-ende-der-sommerzeit-das-musst-du-darber-wissen\/","og_site_name":"Sleep.ai","article_published_time":"2021-12-10T20:19:15+00:00","article_modified_time":"2025-09-26T12:11:50+00:00","og_image":[{"width":2560,"height":1709,"url":"https:\/\/www.sleep.ai\/app\/uploads\/2021\/12\/Ende-Sommerzeit_iStock-940424406-scaled.jpg","type":"image\/jpeg"}],"author":"SleepScore Labs","twitter_card":"summary_large_image","twitter_title":"Bereit f\u00fcr das Ende der Sommerzeit? Das musst du dar\u00fcber wissen","twitter_misc":{"Written by":"SleepScore Labs","Est. reading time":"2 minutes"},"schema":{"@context":"https:\/\/schema.org","@graph":[{"@type":"Article","@id":"https:\/\/www.sleep.ai\/de\/blog-de\/bereit-fr-das-ende-der-sommerzeit-das-musst-du-darber-wissen\/#article","isPartOf":{"@id":"https:\/\/www.sleep.ai\/de\/blog-de\/bereit-fr-das-ende-der-sommerzeit-das-musst-du-darber-wissen\/"},"author":{"name":"SleepScore Labs","@id":"https:\/\/www.sleep.ai\/de\/#\/schema\/person\/62858797730922cebe308826534f5fb2"},"headline":"Die allj\u00e4hrliche Zeitumstellung und ihre Auswirkung auf unseren Schlaf","datePublished":"2021-12-10T20:19:15+00:00","dateModified":"2025-09-26T12:11:50+00:00","mainEntityOfPage":{"@id":"https:\/\/www.sleep.ai\/de\/blog-de\/bereit-fr-das-ende-der-sommerzeit-das-musst-du-darber-wissen\/"},"wordCount":412,"image":{"@id":"https:\/\/www.sleep.ai\/de\/blog-de\/bereit-fr-das-ende-der-sommerzeit-das-musst-du-darber-wissen\/#primaryimage"},"thumbnailUrl":"https:\/\/www.sleep.ai\/app\/uploads\/2021\/12\/Ende-Sommerzeit_iStock-940424406-scaled.jpg","articleSection":["Blog","M\u00fcdigkeit am Tag","Unkategorisiert","Wissenschaft"],"inLanguage":"de-DE"},{"@type":"WebPage","@id":"https:\/\/www.sleep.ai\/de\/blog-de\/bereit-fr-das-ende-der-sommerzeit-das-musst-du-darber-wissen\/","url":"https:\/\/www.sleep.ai\/de\/blog-de\/bereit-fr-das-ende-der-sommerzeit-das-musst-du-darber-wissen\/","name":"Wie sich die j\u00e4hrliche Zeitumstellung auf unseren Schlaf auswirkt","isPartOf":{"@id":"https:\/\/www.sleep.ai\/de\/#website"},"primaryImageOfPage":{"@id":"https:\/\/www.sleep.ai\/de\/blog-de\/bereit-fr-das-ende-der-sommerzeit-das-musst-du-darber-wissen\/#primaryimage"},"image":{"@id":"https:\/\/www.sleep.ai\/de\/blog-de\/bereit-fr-das-ende-der-sommerzeit-das-musst-du-darber-wissen\/#primaryimage"},"thumbnailUrl":"https:\/\/www.sleep.ai\/app\/uploads\/2021\/12\/Ende-Sommerzeit_iStock-940424406-scaled.jpg","datePublished":"2021-12-10T20:19:15+00:00","dateModified":"2025-09-26T12:11:50+00:00","author":{"@id":"https:\/\/www.sleep.ai\/de\/#\/schema\/person\/62858797730922cebe308826534f5fb2"},"description":"Finde heraus, wie du dich optimal auf die Zeitumstellung vorbereitest und deinen Schlafrhythmus stabil h\u00e4ltst.","breadcrumb":{"@id":"https:\/\/www.sleep.ai\/de\/blog-de\/bereit-fr-das-ende-der-sommerzeit-das-musst-du-darber-wissen\/#breadcrumb"},"inLanguage":"de-DE","potentialAction":[{"@type":"ReadAction","target":["https:\/\/www.sleep.ai\/de\/blog-de\/bereit-fr-das-ende-der-sommerzeit-das-musst-du-darber-wissen\/"]}]},{"@type":"ImageObject","inLanguage":"de-DE","@id":"https:\/\/www.sleep.ai\/de\/blog-de\/bereit-fr-das-ende-der-sommerzeit-das-musst-du-darber-wissen\/#primaryimage","url":"https:\/\/www.sleep.ai\/app\/uploads\/2021\/12\/Ende-Sommerzeit_iStock-940424406-scaled.jpg","contentUrl":"https:\/\/www.sleep.ai\/app\/uploads\/2021\/12\/Ende-Sommerzeit_iStock-940424406-scaled.jpg","width":2560,"height":1709,"caption":"Ende-Sommerzeit"},{"@type":"BreadcrumbList","@id":"https:\/\/www.sleep.ai\/de\/blog-de\/bereit-fr-das-ende-der-sommerzeit-das-musst-du-darber-wissen\/#breadcrumb","itemListElement":[{"@type":"ListItem","position":1,"name":"Home","item":"https:\/\/www.sleep.ai\/de\/"},{"@type":"ListItem","position":2,"name":"Die allj\u00e4hrliche Zeitumstellung und ihre Auswirkung auf unseren Schlaf"}]},{"@type":"WebSite","@id":"https:\/\/www.sleep.ai\/de\/#website","url":"https:\/\/www.sleep.ai\/de\/","name":"Sleep ai","description":"AI-Powered Sleep Intelligence","potentialAction":[{"@type":"SearchAction","target":{"@type":"EntryPoint","urlTemplate":"https:\/\/www.sleep.ai\/de\/?s={search_term_string}"},"query-input":{"@type":"PropertyValueSpecification","valueRequired":true,"valueName":"search_term_string"}}],"inLanguage":"de-DE"},{"@type":"Person","@id":"https:\/\/www.sleep.ai\/de\/#\/schema\/person\/62858797730922cebe308826534f5fb2","name":"SleepScore Labs"}]}},"_links":{"self":[{"href":"https:\/\/www.sleep.ai\/de\/wp-json\/wp\/v2\/posts\/10780","targetHints":{"allow":["GET"]}}],"collection":[{"href":"https:\/\/www.sleep.ai\/de\/wp-json\/wp\/v2\/posts"}],"about":[{"href":"https:\/\/www.sleep.ai\/de\/wp-json\/wp\/v2\/types\/post"}],"author":[{"embeddable":true,"href":"https:\/\/www.sleep.ai\/de\/wp-json\/wp\/v2\/users\/1"}],"replies":[{"embeddable":true,"href":"https:\/\/www.sleep.ai\/de\/wp-json\/wp\/v2\/comments?post=10780"}],"version-history":[{"count":1,"href":"https:\/\/www.sleep.ai\/de\/wp-json\/wp\/v2\/posts\/10780\/revisions"}],"predecessor-version":[{"id":14626,"href":"https:\/\/www.sleep.ai\/de\/wp-json\/wp\/v2\/posts\/10780\/revisions\/14626"}],"wp:featuredmedia":[{"embeddable":true,"href":"https:\/\/www.sleep.ai\/de\/wp-json\/wp\/v2\/media\/11383"}],"wp:attachment":[{"href":"https:\/\/www.sleep.ai\/de\/wp-json\/wp\/v2\/media?parent=10780"}],"wp:term":[{"taxonomy":"category","embeddable":true,"href":"https:\/\/www.sleep.ai\/de\/wp-json\/wp\/v2\/categories?post=10780"},{"taxonomy":"post_tag","embeddable":true,"href":"https:\/\/www.sleep.ai\/de\/wp-json\/wp\/v2\/tags?post=10780"}],"curies":[{"name":"wp","href":"https:\/\/api.w.org\/{rel}","templated":true}]}}