{"id":10745,"date":"2021-12-10T12:17:07","date_gmt":"2021-12-10T20:17:07","guid":{"rendered":"https:\/\/www.sleepscore.com\/unkategorisiert\/warum-ich-so-mde-bin-grnde-dafr-sich-den-ganzen-tag-erschpft-zu-fhlen\/"},"modified":"2025-10-20T03:22:51","modified_gmt":"2025-10-20T10:22:51","slug":"warum-ich-so-mde-bin-grnde-dafr-sich-den-ganzen-tag-erschpft-zu-fhlen","status":"publish","type":"post","link":"https:\/\/www.sleep.ai\/de\/blog-de\/warum-ich-so-mde-bin-grnde-dafr-sich-den-ganzen-tag-erschpft-zu-fhlen\/","title":{"rendered":"Warum ich so m\u00fcde bin: Gr\u00fcnde daf\u00fcr, sich den ganzen Tag ersch\u00f6pft zu f\u00fchlen"},"content":{"rendered":"<p><span data-contrast=\"auto\">Es f\u00e4llt dir schwer, wach zu bleiben, du bist st\u00e4ndig am G\u00e4hnen und f\u00fchlst dich direkt nach dem Aufwachen wieder ersch\u00f6pft trotz ausreichendem Schlaf? Es ist schon ewig her, dass du das letzte Mal erholt aufgewacht bist? Damit bist du nicht allein! Laut der TK-Schlafstudie aus dem Jahr 2017 f\u00fchlen sich 40% nicht erholt nach dem Aufwachen.<\/span><span data-contrast=\"auto\">1<\/span><span data-contrast=\"auto\">\u00a0<\/span><span data-ccp-props=\"{&quot;134233117&quot;:true,&quot;134233118&quot;:true,&quot;201341983&quot;:0,&quot;335559740&quot;:240}\">\u00a0<\/span><\/p>\n<p><span data-contrast=\"auto\">Sich unausgeschlafen zu f\u00fchlen, kann negative Auswirkungen auf deinen Tagesablauf haben und dazu f\u00fchren, dass du dich am n\u00e4chsten Tag ersch\u00f6pft und benebelt f\u00fchlst. Wir nennen dir f\u00fcnf Gr\u00fcnde, warum du dich tags\u00fcber so m\u00fcde f\u00fchlen k\u00f6nntest und geben dir hilfreiche Tipps, um wieder energiegeladen und fit in den Tag zu starten!<\/span><span data-ccp-props=\"{&quot;134233117&quot;:true,&quot;134233118&quot;:true,&quot;201341983&quot;:0,&quot;335559740&quot;:240}\">\u00a0<\/span><\/p>\n<h2>1. Du bekommst zu wenig erholsamen Schlaf.<\/h2>\n<p><span data-contrast=\"auto\">Wir verbringen ein Drittel unseres Lebens mit Schlafen, aber wusstest du, dass nicht jeder Schlaf in seiner Qualit\u00e4t gleich ist? Man kann Schlaf in zwei wesentliche Kategorien einteilen: REM-Schlaf (Rapid Eye Movement) oder Traumschlaf und Nicht-REM-Schlaf. W\u00e4hrend des Nicht-REM-Schlafs durchl\u00e4uft unser K\u00f6rper drei Phasen. Wissenschaftler gehen davon aus, dass die letzte Nicht-REM-Schlafphase, der so genannte Slow-Wave-Schlaf (Tiefschlaf), zur Unterst\u00fctzung der Zellerneuerung und -reparatur von wesentlicher Bedeutung ist. Schlafforscher haben herausgefunden, dass der Slow-Wave-Schlaf die F\u00e4higkeit des Gehirns zur Aussch\u00fcttung von Wachstumshormonen f\u00f6rdert, die den Energiestoffwechsel und die Muskelreparatur unterst\u00fctzen.<\/span><span data-contrast=\"auto\">2<\/span><span data-contrast=\"auto\"> Ergebnisse neuerer Studien deuten sogar darauf hin, dass die Verbesserung des Slow-Wave-Schlafs die kognitiven F\u00e4higkeiten verbessern kann, doch diese Forschung steckt noch in den Kinderschuhen.<\/span><span data-contrast=\"auto\">3<\/span><span data-contrast=\"auto\"> Eine richtige Schlafhygiene kann nicht nur den erholsamen Slow-Wave-Schlaf, sondern auch die k\u00f6rpereigenen Heilungs- und Wachstumssysteme unterst\u00fctzen.\u00a0<\/span><span data-ccp-props=\"{&quot;134233117&quot;:true,&quot;134233118&quot;:true,&quot;201341983&quot;:0,&quot;335559740&quot;:240}\">\u00a0<\/span><\/p>\n<p><span data-contrast=\"auto\">Eine schnelle \u00c4nderung, die du sofort umsetzen kannst, ist die Einhaltung eines konsequenten Schlaf-Wach-Rhythmus und die Normalisierung deiner inneren biologischen Uhr, auch als Biorhythmus bekannt. Es ist wichtig, jeden Tag zur gleichen Zeit ins Bett zu gehen und aufzustehen (nach M\u00f6glichkeit auch an den Wochenenden), damit dein K\u00f6rper einem Zeitplan folgt und du regelm\u00e4\u00dfig die vollen sieben bis neun Stunden Schlaf bekommst.<\/span><span data-ccp-props=\"{&quot;134233117&quot;:true,&quot;134233118&quot;:true,&quot;201341983&quot;:0,&quot;335559740&quot;:240}\">\u00a0<\/span><\/p>\n<p><span data-contrast=\"auto\">Es kann einige Zeit dauern, bis du den richtigen Schlafrhythmus f\u00fcr dich gefunden hast. Du kannst deine ideale Schlafenszeit berechnen, indem du von der Uhrzeit ausgehst, zu der du aufstehen musst, und von dort aus acht Stunden zur\u00fcck rechnest. Wenn du deinen Rhythmus zur\u00fcckerlangt hast, solltest du erst am Abend m\u00fcde werden, wenn der Tag vorbei ist und dein K\u00f6rper sich auf eine weitere erholsame Nacht vorbereitet.<\/span><span data-ccp-props=\"{&quot;134233117&quot;:true,&quot;134233118&quot;:true,&quot;201341983&quot;:0,&quot;335559740&quot;:240}\">\u00a0<\/span><\/p>\n<h2>2. Dein Koffeinkonsum ist zu hoch<\/h2>\n<p><span data-contrast=\"auto\">Es mag verlockend sein, unsere Energie durch eine weitere Tasse Kaffee zu steigern, wenn wir uns vor dem Ende des Arbeitstages m\u00fcde f\u00fchlen. Wenn man es allerdings \u00fcbertreibt, kann es das genaue Gegenteil bewirken. Koffein bleibt noch lange nach dem Verzehr im K\u00f6rper. Tats\u00e4chlich haben mehrere Studien ergeben, dass die Halbwertszeit von Kaffee (d.h. die Zeit, die der K\u00f6rper ben\u00f6tigt, um die H\u00e4lfte eines Medikaments auszuscheiden) etwa vier bis sechs Stunden betr\u00e4gt.<\/span><span data-contrast=\"auto\">4<\/span><span data-contrast=\"auto\"> Mit anderen Worten: Wenn du um 18 Uhr einen gro\u00dfen Kaffee trinkst, befindet sich um Mitternacht noch etwa die H\u00e4lfte des Koffeins in deinem K\u00f6rper. Es hat sich gezeigt, dass der Konsum von Koffein sechs Stunden vor dem Schlafengehen den Gesamtschlaf um eine Stunde verk\u00fcrzt.<\/span><span data-contrast=\"auto\">5<\/span><span data-contrast=\"auto\"> Beschr\u00e4nke deinen Koffeinkonsum also auf die Morgen- oder fr\u00fchen Nachmittagsstunden und beachte, dass auch in anderen Getr\u00e4nken, wie gr\u00fcnem Tee, Limonade oder Energydrinks, Koffein enthalten ist. Du solltest auch die Menge an Koffein, die du tags\u00fcber zu dir nimmst, begrenzen.<\/span><span data-ccp-props=\"{&quot;134233117&quot;:true,&quot;134233118&quot;:true,&quot;201341983&quot;:0,&quot;335559740&quot;:240}\">\u00a0<\/span><\/p>\n<h2>3. Du bist dehydriert<\/h2>\n<p><span data-contrast=\"auto\">Ein weiterer Grund f\u00fcr Tagesm\u00fcdigkeit, vor allem am Nachmittag, kann Dehydrierung sein. In der Hektik des Alltags vergisst man leicht, ausreichend Fl\u00fcssigkeit zu sich zu nehmen. Vernachl\u00e4ssigst du jedoch deinen Wasserkonsum, kann es deine Stimmung verschlechtern, M\u00fcdigkeit verst\u00e4rken und dich anf\u00e4lliger f\u00fcr Kopfschmerzen machen. Forscher haben herausgefunden, dass der Blutdruck bei Dehydrierung \u2013 insbesondere bei sportlicher Bet\u00e4tigung \u2013 abfallen kann, was zu einer Verringerung der Durchblutung des Gehirns f\u00fchrt und M\u00fcdigkeit hervorrufen kann. Dehydrierung wird auch mit kognitiven Beeintr\u00e4chtigungen, insbesondere des Kurzzeitged\u00e4chtnisses, in Verbindung gebracht.<\/span><span data-contrast=\"auto\">6<\/span><span data-contrast=\"auto\"> Studien, in denen selbstberichtete Ver\u00e4nderungen des geistigen Zustands gemessen wurden, ergaben, dass Dehydrierung Gef\u00fchle wie Wachsamkeit, Schl\u00e4frigkeit und Verwirrung deutlich verschlechtert.<\/span><span data-contrast=\"auto\">7<\/span><span data-contrast=\"auto\"> All dies kann sich wiederum auf deine Leistungsf\u00e4higkeit am Tag auswirken. Um diese Auswirkungen zu vermeiden, solltest du \u00fcber den Tag verteilt ausreichend trinken. Du kannst Erinnerungen auf deinem Mobiltelefon einstellen, Notizzettel anbringen oder ein gro\u00dfes Glas Wasser in Sichtweite stellen. Finde heraus, was f\u00fcr dich am besten funktioniert \u2013 eine ausreichende Fl\u00fcssigkeitszufuhr kann dir helfen, nachts besser zu schlafen und tags\u00fcber voller Energie zu sein.<\/span><span data-ccp-props=\"{&quot;134233117&quot;:true,&quot;134233118&quot;:true,&quot;201341983&quot;:0,&quot;335559740&quot;:240}\">\u00a0<\/span><\/p>\n<h2>4. Deine Ern\u00e4hrung ist zu ungesund oder einseitig<\/h2>\n<p><span data-contrast=\"auto\">Was auf deinem Speiseplan steht, h\u00e4ngt direkt damit zusammen, wie m\u00fcde du dich tags\u00fcber f\u00fchlst. Einige Lebensmittel wie Junkfood, stark zuckerhaltige Lebensmittel, raffinierte Kohlenhydrate usw. f\u00fchren dazu, dass man sich ausgelaugt f\u00fchlt. Die Zusammensetzung der Ern\u00e4hrung kann sich auch auf den Schlaf auswirken, was wiederum Auswirkungen auf dein Energielevel haben kann. So fanden Forscher der Columbia University heraus, dass sich bei einer ballaststoffarmen Ern\u00e4hrung mit einem hohen Konsum von ges\u00e4ttigten Fetten und Zucker der erholsame Slow-Wave-Schlaf verringert.<\/span><span data-contrast=\"auto\">8<\/span><span data-contrast=\"auto\"> Eine ausgewogene Ern\u00e4hrung kann dir helfen, gut zu schlafen und nachts ausreichend Energie f\u00fcr den ganzen Tag zu tanken. Versuche, ausreichend Proteine und unraffinierte Kohlenhydrate (wie Quinoa und Hafer), Gem\u00fcse und Obst zu dir zu nehmen, um Ballaststoffe, N\u00e4hrstoffe und Vitamine zu erhalten, sowie Lebensmittel, die reich an Omega-3-Fetts\u00e4uren sind.<\/span><span data-ccp-props=\"{&quot;134233117&quot;:true,&quot;134233118&quot;:true,&quot;201341983&quot;:0,&quot;335559740&quot;:240}\">\u00a0<\/span><\/p>\n<h2>5. Du hast zu viel Stress.<\/h2>\n<p><span data-contrast=\"auto\">Ein weiteres Element, das f\u00fcr deine Tagesm\u00fcdigkeit verantwortlich sein kann, ist etwas, das wir alle kennen: Stress. Vielleicht arbeitest du zu viel, stehst vor einer gro\u00dfen Ver\u00e4nderung in deinem Leben, hast mit vielen Herausforderungen zu k\u00e4mpfen oder bereitest dich auf deinen n\u00e4chsten gro\u00dfen Karriereschritt vor. Was auch immer der Grund ist, Stress steht nachweislich im Zusammenhang mit Kopfschmerzen, Immunschw\u00e4che, ged\u00e4mpfter Stimmung, verminderter Konzentration, Schlaflosigkeit, Brustschmerzen und allgemeinem Burnout, um nur einige der Folgen zu nennen. Sorge daf\u00fcr, dass dir der Stress nicht in die Quere kommt, indem du lernst, dir Zeit einzur\u00e4umen und deinen Kopf frei zu bekommen. Verbringe Zeit in der Natur, treibe Sport, sprich mit anderen \u00fcber deine Gef\u00fchle, schreib deine Gedanken auf oder versuche zu meditieren. Achtsamkeitsmeditation verbessert die Schlafqualit\u00e4t nachweislich, reduziert Stress und mindert die Tagesm\u00fcdigkeit.<\/span><span data-contrast=\"auto\">9<\/span><span data-contrast=\"auto\"> Es gibt eine Vielzahl von M\u00f6glichkeiten, sich zu entspannen und die Sorgen des Alltags loszulassen. Finde heraus, was dir gut tut, und sieh es als Priorit\u00e4t Stress abzubauen, wenn er da ist. Erkennst du einige der Gr\u00fcnde f\u00fcr Tagesm\u00fcdigkeit in deiner Lebensweise wieder? Dann setze genau hier an und arbeite an einer besseren Schlafroutine.\u202f<\/span><span data-ccp-props=\"{&quot;134233117&quot;:true,&quot;134233118&quot;:true,&quot;201341983&quot;:0,&quot;335559740&quot;:240}\">\u00a0<\/span><\/p>\n<h2>Wie du deinen Schlaf besser verstehst?<\/h2>\n<p><span data-contrast=\"auto\">Mit der Dein Schlaf. Dein Tag. App hast du Zugang zu unserem holistischen Schlafkurs. Du erh\u00e4ltst individuelle Einblicke und weiterf\u00fchrende Artikel dar\u00fcber, wie gut du schl\u00e4fst, wie hoch die Qualit\u00e4t und Quantit\u00e4t deiner Schlafzyklen ist und wie du deinen Schlaf mit wissenschaftlich fundierten Tipps und Erkenntnissen verbessern kannst. Du hast die App noch nicht? Dann lade sie direkt herunter.<\/span><span data-ccp-props=\"{&quot;134233117&quot;:true,&quot;134233118&quot;:true,&quot;201341983&quot;:0,&quot;335559740&quot;:240}\">\u00a0<\/span><\/p>\n<p><span data-contrast=\"auto\">Schlaf gut!<\/span><span data-ccp-props=\"{&quot;134233117&quot;:true,&quot;134233118&quot;:true,&quot;201341983&quot;:0,&quot;335559740&quot;:240}\">\u00a0<\/span><\/p>\n<p><span data-ccp-props=\"{&quot;134233117&quot;:true,&quot;134233118&quot;:true,&quot;201341983&quot;:0,&quot;335559740&quot;:240}\">\u00a0<\/span><\/p>\n<h6><span data-contrast=\"auto\">1 <\/span><span data-contrast=\"auto\">Schlaf gut, Deutschland (2017). TK-Schlafstudie. <\/span><a href=\"https:\/\/www.tk.de\/resource\/blob\/2033604\/118707bfcdd95b0b1ccdaf06b30226ea\/schlaf-gut-deutschland-data.pdf\"><span data-contrast=\"auto\">https:\/\/www.tk.de\/resource\/blob\/2033604\/118707bfcdd95b0b1ccdaf06b30226ea\/schlaf-gut-deutschland-data.pdf<\/span><\/a><span data-ccp-props=\"{&quot;134233117&quot;:true,&quot;134233118&quot;:true,&quot;201341983&quot;:0,&quot;335559740&quot;:240}\">\u00a0<\/span><\/h6>\n<h6><span data-contrast=\"auto\">2<\/span><span data-contrast=\"auto\"> Born J, Muth S, Fehm HL. The significance of sleep onset and slow wave sleep for nocturnal release of growth hormone (GH) and cortisol. <\/span><i><span data-contrast=\"auto\">Psychoneuroendocrinology<\/span><\/i><span data-contrast=\"auto\">, 1998. Volume 13, Issue 3, Pages 233-243. <\/span><a href=\"https:\/\/www.sciencedirect.com\/science\/article\/pii\/0306453088900212\"><span data-contrast=\"auto\">https:\/\/www.sciencedirect.com\/science\/article\/pii\/0306453088900212<\/span><\/a><span data-contrast=\"auto\">)<\/span><span data-ccp-props=\"{&quot;134233117&quot;:true,&quot;134233118&quot;:true,&quot;201341983&quot;:0,&quot;335559740&quot;:240}\">\u00a0<\/span><\/h6>\n<h6><span data-contrast=\"auto\">3<\/span><span data-contrast=\"auto\"> Wilckens KA, Ferrarelli F, Walker MP, Buysse DJ. Slow-Wave Activity Enhancement to Improve Cognition. <\/span><i><span data-contrast=\"auto\">Trends in Neuroscience. <\/span><\/i><span data-contrast=\"auto\">2018<\/span><i><span data-contrast=\"auto\">; <\/span><\/i><span data-contrast=\"auto\">Jul 1, Volume 41, Issue 7.\u00a0 <\/span><a href=\"https:\/\/doi.org\/10.1016\/j.tins.2018.03.003\"><span data-contrast=\"auto\">https:\/\/doi.org\/10.1016\/j.tins.2018.03.003<\/span><\/a><span data-ccp-props=\"{&quot;134233117&quot;:true,&quot;134233118&quot;:true,&quot;201341983&quot;:0,&quot;335559740&quot;:240}\">\u00a0<\/span><\/h6>\n<h6 aria-level=\"1\"><span data-contrast=\"auto\">4 <\/span><span data-contrast=\"auto\">Alsabri SG, Mari WO, Younes S, Elsadawi MA, Oroszi TL. <\/span><a href=\"https:\/\/www.liebertpub.com\/doi\/full\/10.1089\/caff.2017.0011\"><span data-contrast=\"auto\">Kinetic and Dynamic Description of Caffeine<\/span><\/a><span data-contrast=\"auto\">. <\/span><i><span data-contrast=\"auto\">Journal of Caffeine and Adenosine Research. 2018; <\/span><\/i><span data-contrast=\"auto\">Mar 1.<\/span> <a href=\"https:\/\/doi.org\/10.1089\/caff.2017.0011\"><span data-contrast=\"auto\">http:\/\/doi.org\/10.1089\/caff.2017.0011<\/span><\/a><span data-ccp-props=\"{&quot;134233117&quot;:true,&quot;134233118&quot;:true,&quot;201341983&quot;:0,&quot;335559740&quot;:240}\">\u00a0<\/span><\/h6>\n<h6 aria-level=\"1\"><span data-contrast=\"auto\">5 <\/span><span data-contrast=\"auto\">Drake C, Roehrs T, Shambroom J, Roth T. Caffeine Effects on Sleep Taken 0, 3, or 6 Hours before Going to Bed. <\/span><a href=\"https:\/\/jcsm.aasm.org\/journal\/jcsm\"><i><span data-contrast=\"auto\">Journal of Clinical Sleep Medicine<\/span><\/i><\/a><span data-contrast=\"auto\">. 2013; <\/span><a href=\"https:\/\/jcsm.aasm.org\/toc\/jcsm\/09\/11\"><span data-contrast=\"auto\">No<\/span><\/a><span data-contrast=\"auto\"> 15. <\/span><a href=\"https:\/\/doi.org\/10.5664\/jcsm.3170\"><span data-contrast=\"auto\">https:\/\/doi.org\/10.5664\/jcsm.3170<\/span><\/a><span data-contrast=\"auto\">Cited by:125<\/span><span data-ccp-props=\"{&quot;134233117&quot;:true,&quot;134233118&quot;:true,&quot;201341983&quot;:0,&quot;335559740&quot;:240}\">\u00a0<\/span><\/h6>\n<h6 aria-level=\"1\"><span data-contrast=\"auto\">6<\/span><span data-contrast=\"auto\"> Masento NA, Golightly M, Field DT, Butler LT, van Reekum CM. Effects of hydration status on cognitive performance and mood. <\/span><i><span data-contrast=\"auto\">The British Journal of Nutrition<\/span><\/i><span data-contrast=\"auto\">. 2014; May 28. <\/span><a href=\"https:\/\/pubmed.ncbi.nlm.nih.gov\/24480458\/\"><span data-contrast=\"auto\">https:\/\/pubmed.ncbi.nlm.nih.gov\/24480458\/<\/span><\/a><span data-ccp-props=\"{&quot;134233117&quot;:true,&quot;134233118&quot;:true,&quot;201341983&quot;:0,&quot;335559740&quot;:240}\">\u00a0<\/span><\/h6>\n<h6 aria-level=\"1\"><span data-contrast=\"auto\">7<\/span><span data-contrast=\"auto\"> Pross N, Demazi\u00e8res A, Girard N, et al. Influence of progressive fluid restriction on mood and physiological markers of dehydration in women.\u202f<\/span><i><span data-contrast=\"auto\">Br J Nutr<\/span><\/i><span data-contrast=\"auto\">. 2013; 109(2):313-321. https:\/\/doi.org\/10.1017\/S0007114512001080<\/span><span data-ccp-props=\"{&quot;134233117&quot;:true,&quot;134233118&quot;:true,&quot;201341983&quot;:0,&quot;335559740&quot;:240}\">\u00a0<\/span><\/h6>\n<h6 aria-level=\"1\"><span data-contrast=\"auto\">8<\/span><span data-contrast=\"auto\"> St-Onge M-P, Roberts A, Shechter A, Choudhury AR. Fiber and Saturated Fat Are Associated with Sleep Arousals and Slow Wave Sleep. <\/span><a href=\"https:\/\/jcsm.aasm.org\/journal\/jcsm\"><i><span data-contrast=\"auto\">Journal of Clinical Sleep Medicine<\/span><\/i><\/a><span data-contrast=\"auto\">. 2016; Jan 15. <\/span><a href=\"https:\/\/doi.org\/10.5664\/jcsm.5384\"><span data-contrast=\"auto\">https:\/\/doi.org\/10.5664\/jcsm.5384<\/span><\/a><span data-ccp-props=\"{&quot;134233117&quot;:true,&quot;134233118&quot;:true,&quot;201341983&quot;:0,&quot;335559740&quot;:240}\">\u00a0<\/span><\/h6>\n<h6 aria-level=\"1\"><span data-contrast=\"auto\">9<\/span> <span data-contrast=\"auto\">Carlson L.E, Garland SN. Impact of mindfulness-based stress reduction (MBSR) on sleep, mood, stress and fatigue symptoms in cancer outpatients.\u202f<\/span><i><span data-contrast=\"auto\">Int. J. Behav. Med.<\/span><\/i><span data-contrast=\"auto\">\u202f2005;12,\u202f278\u2013285. https:\/\/doi.org\/10.1207\/s15327558ijbm1204_9<\/span><span data-ccp-props=\"{&quot;134233117&quot;:true,&quot;134233118&quot;:true,&quot;201341983&quot;:0,&quot;335559740&quot;:240}\">\u00a0<\/span><\/h6>\n<h6 aria-level=\"1\"><span data-ccp-props=\"{&quot;134233117&quot;:true,&quot;134233118&quot;:true,&quot;201341983&quot;:0,&quot;335551550&quot;:2,&quot;335551620&quot;:2,&quot;335559740&quot;:240}\">\u00a0<\/span><\/h6>\n","protected":false},"excerpt":{"rendered":"<p>Es f\u00e4llt dir schwer, wach zu bleiben, du bist st\u00e4ndig am G\u00e4hnen und f\u00fchlst dich direkt nach dem Aufwachen wieder ersch\u00f6pft trotz ausreichendem Schlaf? Es ist schon ewig her, dass du das letzte Mal erholt&#8230;<\/p>\n","protected":false},"author":11,"featured_media":11401,"comment_status":"closed","ping_status":"closed","sticky":false,"template":"","format":"standard","meta":{"_acf_changed":false,"footnotes":""},"categories":[4072,4077,4064],"tags":[],"class_list":["post-10745","post","type-post","status-publish","format-standard","has-post-thumbnail","hentry","category-blog-de","category-mudigkeit-am-tag","category-unkategorisiert"],"acf":[],"yoast_head":"<!-- This site is optimized with the Yoast SEO plugin v27.4 - https:\/\/yoast.com\/product\/yoast-seo-wordpress\/ -->\n<title>Gr\u00fcnde f\u00fcr Ersch\u00f6pfung und M\u00fcdigkeit | Sleep.ai<\/title>\n<meta name=\"description\" content=\"Lerne die h\u00e4ufigsten Gr\u00fcnde kennen, warum du dich tags\u00fcber ersch\u00f6pft f\u00fchlst, und erfahre Tipps f\u00fcr mehr Energie.\" \/>\n<meta name=\"robots\" content=\"index, follow, max-snippet:-1, max-image-preview:large, max-video-preview:-1\" \/>\n<link rel=\"canonical\" href=\"https:\/\/www.sleep.ai\/de\/blog-de\/warum-ich-so-mde-bin-grnde-dafr-sich-den-ganzen-tag-erschpft-zu-fhlen\/\" \/>\n<meta property=\"og:locale\" content=\"de_DE\" \/>\n<meta property=\"og:type\" content=\"article\" \/>\n<meta property=\"og:title\" content=\"Gr\u00fcnde f\u00fcr Ersch\u00f6pfung und M\u00fcdigkeit | Sleep.ai\" \/>\n<meta property=\"og:description\" content=\"Lerne die h\u00e4ufigsten Gr\u00fcnde kennen, warum du dich tags\u00fcber ersch\u00f6pft f\u00fchlst, und erfahre Tipps f\u00fcr mehr Energie.\" \/>\n<meta property=\"og:url\" content=\"https:\/\/www.sleep.ai\/de\/blog-de\/warum-ich-so-mde-bin-grnde-dafr-sich-den-ganzen-tag-erschpft-zu-fhlen\/\" \/>\n<meta property=\"og:site_name\" content=\"Sleep.ai\" \/>\n<meta property=\"article:published_time\" content=\"2021-12-10T20:17:07+00:00\" \/>\n<meta property=\"article:modified_time\" content=\"2025-10-20T10:22:51+00:00\" \/>\n<meta property=\"og:image\" content=\"https:\/\/www.sleep.ai\/app\/uploads\/2021\/12\/Warum-ich-so-muede-bin_iStock-1047508094-scaled.jpg\" \/>\n\t<meta property=\"og:image:width\" content=\"2560\" \/>\n\t<meta property=\"og:image:height\" content=\"1709\" \/>\n\t<meta property=\"og:image:type\" content=\"image\/jpeg\" \/>\n<meta name=\"author\" content=\"SleepScore Labs\" \/>\n<meta name=\"twitter:card\" content=\"summary_large_image\" \/>\n<meta name=\"twitter:label1\" content=\"Written by\" \/>\n\t<meta name=\"twitter:data1\" content=\"SleepScore Labs\" \/>\n\t<meta name=\"twitter:label2\" content=\"Est. reading time\" \/>\n\t<meta name=\"twitter:data2\" content=\"7 minutes\" \/>\n<script type=\"application\/ld+json\" class=\"yoast-schema-graph\">{\"@context\":\"https:\\\/\\\/schema.org\",\"@graph\":[{\"@type\":\"Article\",\"@id\":\"https:\\\/\\\/www.sleep.ai\\\/de\\\/blog-de\\\/warum-ich-so-mde-bin-grnde-dafr-sich-den-ganzen-tag-erschpft-zu-fhlen\\\/#article\",\"isPartOf\":{\"@id\":\"https:\\\/\\\/www.sleep.ai\\\/de\\\/blog-de\\\/warum-ich-so-mde-bin-grnde-dafr-sich-den-ganzen-tag-erschpft-zu-fhlen\\\/\"},\"author\":{\"name\":\"SleepScore Labs\",\"@id\":\"https:\\\/\\\/www.sleep.ai\\\/de\\\/#\\\/schema\\\/person\\\/fdcfeaf9581100a89fab1a8f6d14b109\"},\"headline\":\"Warum ich so m\u00fcde bin: Gr\u00fcnde daf\u00fcr, sich den ganzen Tag ersch\u00f6pft zu f\u00fchlen\",\"datePublished\":\"2021-12-10T20:17:07+00:00\",\"dateModified\":\"2025-10-20T10:22:51+00:00\",\"mainEntityOfPage\":{\"@id\":\"https:\\\/\\\/www.sleep.ai\\\/de\\\/blog-de\\\/warum-ich-so-mde-bin-grnde-dafr-sich-den-ganzen-tag-erschpft-zu-fhlen\\\/\"},\"wordCount\":1493,\"image\":{\"@id\":\"https:\\\/\\\/www.sleep.ai\\\/de\\\/blog-de\\\/warum-ich-so-mde-bin-grnde-dafr-sich-den-ganzen-tag-erschpft-zu-fhlen\\\/#primaryimage\"},\"thumbnailUrl\":\"https:\\\/\\\/www.sleep.ai\\\/app\\\/uploads\\\/2021\\\/12\\\/Warum-ich-so-muede-bin_iStock-1047508094-scaled.jpg\",\"articleSection\":[\"Blog\",\"M\u00fcdigkeit am Tag\",\"Unkategorisiert\"],\"inLanguage\":\"de-DE\"},{\"@type\":\"WebPage\",\"@id\":\"https:\\\/\\\/www.sleep.ai\\\/de\\\/blog-de\\\/warum-ich-so-mde-bin-grnde-dafr-sich-den-ganzen-tag-erschpft-zu-fhlen\\\/\",\"url\":\"https:\\\/\\\/www.sleep.ai\\\/de\\\/blog-de\\\/warum-ich-so-mde-bin-grnde-dafr-sich-den-ganzen-tag-erschpft-zu-fhlen\\\/\",\"name\":\"Gr\u00fcnde f\u00fcr Ersch\u00f6pfung und M\u00fcdigkeit | Sleep.ai\",\"isPartOf\":{\"@id\":\"https:\\\/\\\/www.sleep.ai\\\/de\\\/#website\"},\"primaryImageOfPage\":{\"@id\":\"https:\\\/\\\/www.sleep.ai\\\/de\\\/blog-de\\\/warum-ich-so-mde-bin-grnde-dafr-sich-den-ganzen-tag-erschpft-zu-fhlen\\\/#primaryimage\"},\"image\":{\"@id\":\"https:\\\/\\\/www.sleep.ai\\\/de\\\/blog-de\\\/warum-ich-so-mde-bin-grnde-dafr-sich-den-ganzen-tag-erschpft-zu-fhlen\\\/#primaryimage\"},\"thumbnailUrl\":\"https:\\\/\\\/www.sleep.ai\\\/app\\\/uploads\\\/2021\\\/12\\\/Warum-ich-so-muede-bin_iStock-1047508094-scaled.jpg\",\"datePublished\":\"2021-12-10T20:17:07+00:00\",\"dateModified\":\"2025-10-20T10:22:51+00:00\",\"author\":{\"@id\":\"https:\\\/\\\/www.sleep.ai\\\/de\\\/#\\\/schema\\\/person\\\/fdcfeaf9581100a89fab1a8f6d14b109\"},\"description\":\"Lerne die h\u00e4ufigsten Gr\u00fcnde kennen, warum du dich tags\u00fcber ersch\u00f6pft f\u00fchlst, und erfahre Tipps f\u00fcr mehr Energie.\",\"breadcrumb\":{\"@id\":\"https:\\\/\\\/www.sleep.ai\\\/de\\\/blog-de\\\/warum-ich-so-mde-bin-grnde-dafr-sich-den-ganzen-tag-erschpft-zu-fhlen\\\/#breadcrumb\"},\"inLanguage\":\"de-DE\",\"potentialAction\":[{\"@type\":\"ReadAction\",\"target\":[\"https:\\\/\\\/www.sleep.ai\\\/de\\\/blog-de\\\/warum-ich-so-mde-bin-grnde-dafr-sich-den-ganzen-tag-erschpft-zu-fhlen\\\/\"]}]},{\"@type\":\"ImageObject\",\"inLanguage\":\"de-DE\",\"@id\":\"https:\\\/\\\/www.sleep.ai\\\/de\\\/blog-de\\\/warum-ich-so-mde-bin-grnde-dafr-sich-den-ganzen-tag-erschpft-zu-fhlen\\\/#primaryimage\",\"url\":\"https:\\\/\\\/www.sleep.ai\\\/app\\\/uploads\\\/2021\\\/12\\\/Warum-ich-so-muede-bin_iStock-1047508094-scaled.jpg\",\"contentUrl\":\"https:\\\/\\\/www.sleep.ai\\\/app\\\/uploads\\\/2021\\\/12\\\/Warum-ich-so-muede-bin_iStock-1047508094-scaled.jpg\",\"width\":2560,\"height\":1709,\"caption\":\"Warum-ich-so-muede-bin\"},{\"@type\":\"BreadcrumbList\",\"@id\":\"https:\\\/\\\/www.sleep.ai\\\/de\\\/blog-de\\\/warum-ich-so-mde-bin-grnde-dafr-sich-den-ganzen-tag-erschpft-zu-fhlen\\\/#breadcrumb\",\"itemListElement\":[{\"@type\":\"ListItem\",\"position\":1,\"name\":\"Home\",\"item\":\"https:\\\/\\\/www.sleep.ai\\\/de\\\/\"},{\"@type\":\"ListItem\",\"position\":2,\"name\":\"Warum ich so m\u00fcde bin: Gr\u00fcnde daf\u00fcr, sich den ganzen Tag ersch\u00f6pft zu f\u00fchlen\"}]},{\"@type\":\"WebSite\",\"@id\":\"https:\\\/\\\/www.sleep.ai\\\/de\\\/#website\",\"url\":\"https:\\\/\\\/www.sleep.ai\\\/de\\\/\",\"name\":\"Sleep ai\",\"description\":\"AI-Powered Sleep Intelligence\",\"potentialAction\":[{\"@type\":\"SearchAction\",\"target\":{\"@type\":\"EntryPoint\",\"urlTemplate\":\"https:\\\/\\\/www.sleep.ai\\\/de\\\/?s={search_term_string}\"},\"query-input\":{\"@type\":\"PropertyValueSpecification\",\"valueRequired\":true,\"valueName\":\"search_term_string\"}}],\"inLanguage\":\"de-DE\"},{\"@type\":\"Person\",\"@id\":\"https:\\\/\\\/www.sleep.ai\\\/de\\\/#\\\/schema\\\/person\\\/fdcfeaf9581100a89fab1a8f6d14b109\",\"name\":\"SleepScore Labs\",\"description\":\"This is the \\\"wpengine\\\" admin user that our staff uses to gain access to your admin area to provide support and troubleshooting. It can only be accessed by a button in our secure log that auto generates a password and dumps that password after the staff member has logged in. We have taken extreme measures to ensure that our own user is not going to be misused to harm any of our clients sites.\",\"sameAs\":[\"http:\\\/\\\/wpengine.com\"]}]}<\/script>\n<!-- \/ Yoast SEO plugin. -->","yoast_head_json":{"title":"Gr\u00fcnde f\u00fcr Ersch\u00f6pfung und M\u00fcdigkeit | Sleep.ai","description":"Lerne die h\u00e4ufigsten Gr\u00fcnde kennen, warum du dich tags\u00fcber ersch\u00f6pft f\u00fchlst, und erfahre Tipps f\u00fcr mehr Energie.","robots":{"index":"index","follow":"follow","max-snippet":"max-snippet:-1","max-image-preview":"max-image-preview:large","max-video-preview":"max-video-preview:-1"},"canonical":"https:\/\/www.sleep.ai\/de\/blog-de\/warum-ich-so-mde-bin-grnde-dafr-sich-den-ganzen-tag-erschpft-zu-fhlen\/","og_locale":"de_DE","og_type":"article","og_title":"Gr\u00fcnde f\u00fcr Ersch\u00f6pfung und M\u00fcdigkeit | Sleep.ai","og_description":"Lerne die h\u00e4ufigsten Gr\u00fcnde kennen, warum du dich tags\u00fcber ersch\u00f6pft f\u00fchlst, und erfahre Tipps f\u00fcr mehr Energie.","og_url":"https:\/\/www.sleep.ai\/de\/blog-de\/warum-ich-so-mde-bin-grnde-dafr-sich-den-ganzen-tag-erschpft-zu-fhlen\/","og_site_name":"Sleep.ai","article_published_time":"2021-12-10T20:17:07+00:00","article_modified_time":"2025-10-20T10:22:51+00:00","og_image":[{"width":2560,"height":1709,"url":"https:\/\/www.sleep.ai\/app\/uploads\/2021\/12\/Warum-ich-so-muede-bin_iStock-1047508094-scaled.jpg","type":"image\/jpeg"}],"author":"SleepScore Labs","twitter_card":"summary_large_image","twitter_misc":{"Written by":"SleepScore Labs","Est. reading time":"7 minutes"},"schema":{"@context":"https:\/\/schema.org","@graph":[{"@type":"Article","@id":"https:\/\/www.sleep.ai\/de\/blog-de\/warum-ich-so-mde-bin-grnde-dafr-sich-den-ganzen-tag-erschpft-zu-fhlen\/#article","isPartOf":{"@id":"https:\/\/www.sleep.ai\/de\/blog-de\/warum-ich-so-mde-bin-grnde-dafr-sich-den-ganzen-tag-erschpft-zu-fhlen\/"},"author":{"name":"SleepScore Labs","@id":"https:\/\/www.sleep.ai\/de\/#\/schema\/person\/fdcfeaf9581100a89fab1a8f6d14b109"},"headline":"Warum ich so m\u00fcde bin: Gr\u00fcnde daf\u00fcr, sich den ganzen Tag ersch\u00f6pft zu f\u00fchlen","datePublished":"2021-12-10T20:17:07+00:00","dateModified":"2025-10-20T10:22:51+00:00","mainEntityOfPage":{"@id":"https:\/\/www.sleep.ai\/de\/blog-de\/warum-ich-so-mde-bin-grnde-dafr-sich-den-ganzen-tag-erschpft-zu-fhlen\/"},"wordCount":1493,"image":{"@id":"https:\/\/www.sleep.ai\/de\/blog-de\/warum-ich-so-mde-bin-grnde-dafr-sich-den-ganzen-tag-erschpft-zu-fhlen\/#primaryimage"},"thumbnailUrl":"https:\/\/www.sleep.ai\/app\/uploads\/2021\/12\/Warum-ich-so-muede-bin_iStock-1047508094-scaled.jpg","articleSection":["Blog","M\u00fcdigkeit am Tag","Unkategorisiert"],"inLanguage":"de-DE"},{"@type":"WebPage","@id":"https:\/\/www.sleep.ai\/de\/blog-de\/warum-ich-so-mde-bin-grnde-dafr-sich-den-ganzen-tag-erschpft-zu-fhlen\/","url":"https:\/\/www.sleep.ai\/de\/blog-de\/warum-ich-so-mde-bin-grnde-dafr-sich-den-ganzen-tag-erschpft-zu-fhlen\/","name":"Gr\u00fcnde f\u00fcr Ersch\u00f6pfung und M\u00fcdigkeit | Sleep.ai","isPartOf":{"@id":"https:\/\/www.sleep.ai\/de\/#website"},"primaryImageOfPage":{"@id":"https:\/\/www.sleep.ai\/de\/blog-de\/warum-ich-so-mde-bin-grnde-dafr-sich-den-ganzen-tag-erschpft-zu-fhlen\/#primaryimage"},"image":{"@id":"https:\/\/www.sleep.ai\/de\/blog-de\/warum-ich-so-mde-bin-grnde-dafr-sich-den-ganzen-tag-erschpft-zu-fhlen\/#primaryimage"},"thumbnailUrl":"https:\/\/www.sleep.ai\/app\/uploads\/2021\/12\/Warum-ich-so-muede-bin_iStock-1047508094-scaled.jpg","datePublished":"2021-12-10T20:17:07+00:00","dateModified":"2025-10-20T10:22:51+00:00","author":{"@id":"https:\/\/www.sleep.ai\/de\/#\/schema\/person\/fdcfeaf9581100a89fab1a8f6d14b109"},"description":"Lerne die h\u00e4ufigsten Gr\u00fcnde kennen, warum du dich tags\u00fcber ersch\u00f6pft f\u00fchlst, und erfahre Tipps f\u00fcr mehr Energie.","breadcrumb":{"@id":"https:\/\/www.sleep.ai\/de\/blog-de\/warum-ich-so-mde-bin-grnde-dafr-sich-den-ganzen-tag-erschpft-zu-fhlen\/#breadcrumb"},"inLanguage":"de-DE","potentialAction":[{"@type":"ReadAction","target":["https:\/\/www.sleep.ai\/de\/blog-de\/warum-ich-so-mde-bin-grnde-dafr-sich-den-ganzen-tag-erschpft-zu-fhlen\/"]}]},{"@type":"ImageObject","inLanguage":"de-DE","@id":"https:\/\/www.sleep.ai\/de\/blog-de\/warum-ich-so-mde-bin-grnde-dafr-sich-den-ganzen-tag-erschpft-zu-fhlen\/#primaryimage","url":"https:\/\/www.sleep.ai\/app\/uploads\/2021\/12\/Warum-ich-so-muede-bin_iStock-1047508094-scaled.jpg","contentUrl":"https:\/\/www.sleep.ai\/app\/uploads\/2021\/12\/Warum-ich-so-muede-bin_iStock-1047508094-scaled.jpg","width":2560,"height":1709,"caption":"Warum-ich-so-muede-bin"},{"@type":"BreadcrumbList","@id":"https:\/\/www.sleep.ai\/de\/blog-de\/warum-ich-so-mde-bin-grnde-dafr-sich-den-ganzen-tag-erschpft-zu-fhlen\/#breadcrumb","itemListElement":[{"@type":"ListItem","position":1,"name":"Home","item":"https:\/\/www.sleep.ai\/de\/"},{"@type":"ListItem","position":2,"name":"Warum ich so m\u00fcde bin: Gr\u00fcnde daf\u00fcr, sich den ganzen Tag ersch\u00f6pft zu f\u00fchlen"}]},{"@type":"WebSite","@id":"https:\/\/www.sleep.ai\/de\/#website","url":"https:\/\/www.sleep.ai\/de\/","name":"Sleep ai","description":"AI-Powered Sleep Intelligence","potentialAction":[{"@type":"SearchAction","target":{"@type":"EntryPoint","urlTemplate":"https:\/\/www.sleep.ai\/de\/?s={search_term_string}"},"query-input":{"@type":"PropertyValueSpecification","valueRequired":true,"valueName":"search_term_string"}}],"inLanguage":"de-DE"},{"@type":"Person","@id":"https:\/\/www.sleep.ai\/de\/#\/schema\/person\/fdcfeaf9581100a89fab1a8f6d14b109","name":"SleepScore Labs","description":"This is the \"wpengine\" admin user that our staff uses to gain access to your admin area to provide support and troubleshooting. It can only be accessed by a button in our secure log that auto generates a password and dumps that password after the staff member has logged in. We have taken extreme measures to ensure that our own user is not going to be misused to harm any of our clients sites.","sameAs":["http:\/\/wpengine.com"]}]}},"_links":{"self":[{"href":"https:\/\/www.sleep.ai\/de\/wp-json\/wp\/v2\/posts\/10745","targetHints":{"allow":["GET"]}}],"collection":[{"href":"https:\/\/www.sleep.ai\/de\/wp-json\/wp\/v2\/posts"}],"about":[{"href":"https:\/\/www.sleep.ai\/de\/wp-json\/wp\/v2\/types\/post"}],"author":[{"embeddable":true,"href":"https:\/\/www.sleep.ai\/de\/wp-json\/wp\/v2\/users\/11"}],"replies":[{"embeddable":true,"href":"https:\/\/www.sleep.ai\/de\/wp-json\/wp\/v2\/comments?post=10745"}],"version-history":[{"count":2,"href":"https:\/\/www.sleep.ai\/de\/wp-json\/wp\/v2\/posts\/10745\/revisions"}],"predecessor-version":[{"id":14918,"href":"https:\/\/www.sleep.ai\/de\/wp-json\/wp\/v2\/posts\/10745\/revisions\/14918"}],"wp:featuredmedia":[{"embeddable":true,"href":"https:\/\/www.sleep.ai\/de\/wp-json\/wp\/v2\/media\/11401"}],"wp:attachment":[{"href":"https:\/\/www.sleep.ai\/de\/wp-json\/wp\/v2\/media?parent=10745"}],"wp:term":[{"taxonomy":"category","embeddable":true,"href":"https:\/\/www.sleep.ai\/de\/wp-json\/wp\/v2\/categories?post=10745"},{"taxonomy":"post_tag","embeddable":true,"href":"https:\/\/www.sleep.ai\/de\/wp-json\/wp\/v2\/tags?post=10745"}],"curies":[{"name":"wp","href":"https:\/\/api.w.org\/{rel}","templated":true}]}}