{"id":10700,"date":"2021-12-06T11:36:34","date_gmt":"2021-12-06T19:36:34","guid":{"rendered":"https:\/\/www.sleepscore.com\/unkategorisiert\/die-neusten-erkenntnisse-aus-der-schlafforschung-langschlfer-und-frhaufsteher-whrend-covid-19\/"},"modified":"2025-09-26T05:28:26","modified_gmt":"2025-09-26T12:28:26","slug":"die-neusten-erkenntnisse-aus-der-schlafforschung-langschlfer-und-frhaufsteher-whrend-covid-19","status":"publish","type":"post","link":"https:\/\/www.sleep.ai\/de\/blog-de\/die-neusten-erkenntnisse-aus-der-schlafforschung-langschlfer-und-frhaufsteher-whrend-covid-19\/","title":{"rendered":"Die neusten Erkenntnisse aus der Schlafforschung: Langschl&auml;fer und Fr&uuml;haufsteher w&auml;hrend COVID-19"},"content":{"rendered":"<p><span data-contrast=\"auto\">Die COVID<\/span><span data-contrast=\"auto\">-Regeln zum<\/span><span data-contrast=\"auto\">\u00a0<\/span><span data-contrast=\"auto\">Zuhausebleiben<\/span><span data-contrast=\"auto\">\u00a0<\/span><span data-contrast=\"auto\">bieten\u00a0<\/span><span data-contrast=\"auto\">den Forschern eine einzigartige\u00a0<\/span><span data-contrast=\"auto\">Gelegenheit<\/span><span data-contrast=\"auto\">,<\/span><span data-contrast=\"auto\">\u00a0Ver\u00e4nderungen\u00a0<\/span><span data-contrast=\"auto\">der<\/span><span data-contrast=\"auto\">\u00a0Schlafgewohnheiten\u00a0<\/span><span data-contrast=\"auto\">mit weniger \u00e4u\u00dferen Einschr\u00e4nkunge<\/span><span data-contrast=\"auto\">n zu untersuchen<\/span><span data-contrast=\"auto\">.\u00a0<\/span><span data-contrast=\"auto\">In einer k\u00fcrzlich durchgef\u00fchrten Studie <\/span><span data-contrast=\"auto\">wurde untersucht, <\/span><span data-contrast=\"auto\">wie sich die Ver\u00e4nderungen, <\/span><span data-contrast=\"auto\">die durch die Selbstisolation <\/span><span data-contrast=\"auto\">hervorgerufen werden, <\/span><span data-contrast=\"auto\">mit den bevorzugten<\/span><span data-contrast=\"auto\"> Schlafgewohnheiten <\/span><span data-contrast=\"auto\">der Menschen decken<\/span><span data-contrast=\"auto\">.\u00a0<\/span><span data-ccp-props=\"{&quot;201341983&quot;:0,&quot;335559739&quot;:160,&quot;335559740&quot;:259}\">\u00a0<\/span><\/p>\n<p><b><span data-contrast=\"auto\">Studie:<\/span><\/b><span data-ccp-props=\"{&quot;201341983&quot;:0,&quot;335559739&quot;:160,&quot;335559740&quot;:259}\">\u00a0<\/span> <span data-contrast=\"auto\">D<\/span><span data-contrast=\"auto\">er Chronotyp <\/span><span data-contrast=\"auto\">bezieht sich auf die<\/span><span data-contrast=\"auto\"> individuellen Unterschiede in<\/span><span data-contrast=\"auto\"> Bezug auf den Zeitpunkt,<\/span><span data-contrast=\"auto\"> an dem sich eine Person<\/span><span data-contrast=\"auto\"> innerhalb eines<\/span><span data-contrast=\"auto\"> 24-Stunden-Zeitraums<\/span><span data-contrast=\"auto\"> von Natur<\/span><span data-contrast=\"auto\"> aus<\/span> <span data-contrast=\"auto\">am schl\u00e4frigsten<\/span><span data-contrast=\"auto\"> und am wachsten<\/span><span data-contrast=\"auto\"> f\u00fchlt<\/span><span data-contrast=\"auto\">.\u00a0<\/span><span data-contrast=\"auto\">N<\/span><span data-contrast=\"auto\">at\u00fcrliche <\/span><span data-contrast=\"auto\">Neigunge<\/span><span data-contrast=\"auto\">n<\/span><span data-contrast=\"auto\">, <\/span><span data-contrast=\"auto\">d<\/span><span data-contrast=\"auto\">ie <\/span><span data-contrast=\"auto\">die<\/span><span data-contrast=\"auto\"> Pr\u00e4ferenzen f\u00fcr <\/span><span data-contrast=\"auto\">den <\/span><span data-contrast=\"auto\">Zeitpunkt des Schlafs <\/span><span data-contrast=\"auto\">bestimmten<\/span><span data-contrast=\"auto\">, variieren von Person zu Person<\/span><span data-contrast=\"auto\"> und die Begriffe<\/span> <span data-contrast=\"auto\">wie <\/span><span data-contrast=\"auto\">\u201eLangschl\u00e4fer\u201c und \u201eFr\u00fchaufsteher\u201c<\/span><span data-contrast=\"auto\"> wurden <\/span><span data-contrast=\"auto\">verwendet, um<\/span><span data-contrast=\"auto\"> Menschen mit sp\u00e4ten bzw. fr\u00fchen Schlafperioden zu beschreiben.\u00a0<\/span><span data-contrast=\"auto\">Bei dieser Studie\u00a0<\/span><span data-contrast=\"auto\">wollten die Forscher herausfinden, ob sich<\/span><span data-contrast=\"auto\">\u00a0die<\/span><span data-contrast=\"auto\">\u00a0<\/span><span data-contrast=\"auto\">Schlafgewohnheiten in Abh\u00e4ngigkeit vom Chronotyp<\/span><span data-contrast=\"auto\">\u00a0zwischen\u00a0<\/span><span data-contrast=\"auto\">einer Standardumgebung (vor COVID) und\u00a0<\/span><span data-contrast=\"auto\">einer Quarant\u00e4ne-<\/span><span data-contrast=\"auto\">Umgebung<\/span><span data-contrast=\"auto\">\u00a0(w\u00e4hrend COVID) \u00e4ndern<\/span><span data-contrast=\"auto\">.\u00a0<\/span><span data-ccp-props=\"{&quot;201341983&quot;:0,&quot;335559739&quot;:160,&quot;335559740&quot;:259}\">\u00a0<\/span><\/p>\n<p><span data-contrast=\"auto\">An der Studie nahmen relativ gesunde Schl\u00e4fer<\/span><span data-contrast=\"auto\">\u00a0aus verschiedenen L\u00e4ndern<\/span><span data-contrast=\"auto\">\u00a0teil, die mindestens\u00a0<\/span><span data-contrast=\"auto\">einen<\/span><span data-contrast=\"auto\">\u00a0Monat lang zu Hause waren, seitdem\u00a0<\/span><span data-contrast=\"auto\">die\u00a0<\/span><span data-contrast=\"auto\">Regelung<\/span><span data-contrast=\"auto\">\u00a0zum Zuhausebleiben eingef\u00fchrt wurde.\u00a0<\/span><span data-contrast=\"auto\">Die Teilnehmer (n=<\/span><span data-contrast=\"auto\">\u00a03787<\/span><span data-contrast=\"auto\">)<\/span><span data-contrast=\"auto\">\u00a0im Alter von 15 bis 60 Jahren wurden in\u00a0<\/span><span data-contrast=\"auto\">eine\u00a0<\/span><span data-contrast=\"auto\">Gruppe Jugendlicher (15 bis 18 Jahre) und\u00a0<\/span><span data-contrast=\"auto\">eine<\/span><span data-contrast=\"auto\">\u00a0Gruppe Erwachsener (19 bis 60 Jahre) aufgeteilt.\u00a0<\/span><span data-contrast=\"auto\">Die Datenerfassung erfolgte<\/span><span data-contrast=\"auto\">\u00a0vom 1. M\u00e4rz bis zum 15. Juni<\/span><span data-contrast=\"auto\">, 2020.<\/span><span data-ccp-props=\"{&quot;201341983&quot;:0,&quot;335559739&quot;:160,&quot;335559740&quot;:259}\">\u00a0<\/span> <span data-contrast=\"auto\">Um die Gewohnheiten und Verhaltensweisen der Teilnehmer zu verstehen, sammelten die Forscher\u00a0<\/span><span data-contrast=\"auto\">t\u00e4glich<\/span><span data-contrast=\"auto\">\u00a0Protokolle\u00a0<\/span><span data-contrast=\"auto\">\u00fcber Nahrungsaufnahme, geistige Aktivit\u00e4ten, Freizeitaktivit\u00e4ten, M\u00fcdigkeitsgef\u00fchle, Schlafens- und Aufwachzeiten sowie die Anzahl der Nickerchen<\/span><span data-contrast=\"auto\">.\u00a0<\/span><span data-contrast=\"auto\">Die Teilnehmer haben die Protokolle mindestens einen Monat lang ausgef\u00fcllt.\u00a0<\/span><span data-contrast=\"auto\">Erg\u00e4nzend zu den t\u00e4glichen Protokollen wurden Telefonbefragungen durchgef\u00fchrt, um <\/span><span data-contrast=\"auto\">ein besseres Verst\u00e4ndnis f\u00fcr <\/span><span data-contrast=\"auto\">Ver\u00e4nderungen<\/span><span data-contrast=\"auto\"> des Schlafverhaltens zu erlangen.\u00a0<\/span><span data-contrast=\"auto\">In dieser Studie <\/span><span data-contrast=\"auto\">wurde jedoch <\/span><span data-contrast=\"auto\">keine <\/span><span data-contrast=\"auto\">objektive Messung des Schlafverhaltens vorgenommen.<\/span><span data-ccp-props=\"{&quot;201341983&quot;:0,&quot;335559739&quot;:160,&quot;335559740&quot;:259}\">\u00a0<\/span><\/p>\n<p><span data-contrast=\"auto\">Zur Bestimmung des Chronotyps verwendeten die Forscher <\/span><span data-contrast=\"auto\">von den Teilnehmern angegebene <\/span><span data-contrast=\"auto\">Schlafenszeiten,<\/span> <span data-contrast=\"auto\">Aufwachzeiten<\/span><span data-contrast=\"auto\"> und die Anzahl der <\/span><span data-contrast=\"auto\">Nickerchen.\u00a0<\/span><span data-contrast=\"auto\">Fr\u00fchaufsteher sind diejenigen, die vor 23<\/span><span data-contrast=\"auto\">:00\u00a0<\/span><span data-contrast=\"auto\">Uhr<\/span><span data-contrast=\"auto\">\u00a0ins Bett gehen und vor 8<\/span><span data-contrast=\"auto\">:00\u00a0<\/span><span data-contrast=\"auto\">Uhr<\/span><span data-contrast=\"auto\">aufwachen. Mittellangschl\u00e4fer<\/span><span data-contrast=\"auto\">\u00a0gehen zwischen 23:30\u00a0Uhr<\/span><span data-contrast=\"auto\">\u00a0und <\/span><span data-contrast=\"auto\">Mitternacht ins Bett und wachen zwischen 7:30\u00a0Uhr<\/span><span data-contrast=\"auto\">\u00a0und\u00a0<\/span><span data-contrast=\"auto\">8<\/span><span data-contrast=\"auto\">:00\u00a0<\/span><span data-contrast=\"auto\">Uhr<\/span> <span data-contrast=\"auto\">auf. Langschl\u00e4fer gehen um Mitternacht<\/span><span data-contrast=\"auto\">\u00a0oder <\/span><span data-contrast=\"auto\">nach Mitternacht ins Bett und wachen um 8:00\u00a0Uhr<\/span><span data-contrast=\"auto\">\u00a0oder\u00a0<\/span><span data-contrast=\"auto\">sp\u00e4ter<\/span><span data-contrast=\"auto\">\u00a0<\/span><span data-contrast=\"auto\">auf. Schlafende mit einem gest\u00f6rten Schlafrhythmus haben keine feste Schlafens- und Aufwachzeit.\u00a0<\/span><span data-ccp-props=\"{&quot;201341983&quot;:0,&quot;335559739&quot;:160,&quot;335559740&quot;:259}\">\u00a0<\/span> <span data-contrast=\"auto\">Da die meisten Teilnehmer unter Standardbedingungen einen Wecker zum Aufwachen verwenden, war es nicht m\u00f6glich, den nat\u00fcrlichen Chronotyp vor der Pandemie zu bestimmen.\u00a0<\/span><span data-contrast=\"auto\">Die Mehrheit<\/span><span data-contrast=\"auto\">\u00a0der Probanden waren in der Zeit vor der Selbstisolation Fr\u00fchaufsteher, was wahrscheinlich auf ihre Verpflichtungen zur\u00fcckzuf\u00fchren ist. Jugendliche gaben an, zwischen 21:55 und 22:35\u00a0Uhr zu Bett zu gehen und zwischen 5:50 und 7:50\u00a0Uhr aufzuwachen, w\u00e4hrend Erwachsene im Durchschnitt zwischen 21:40 und 23:10\u00a0Uhr zu Bett gingen und zwischen 6:30 und 7:50\u00a0Uhr aufstanden.<\/span><span data-ccp-props=\"{&quot;201341983&quot;:0,&quot;335559739&quot;:160,&quot;335559740&quot;:240}\">\u00a0<\/span> <span data-contrast=\"auto\">Die gr\u00f6\u00dften\u00a0<\/span><span data-contrast=\"auto\">Ver\u00e4nderungen des Schlafs fanden in den ersten zwei Wochen der\u00a0<\/span><span data-contrast=\"auto\">Selbstisolation<\/span><span data-contrast=\"auto\">\u00a0statt:<\/span><span data-contrast=\"auto\">\u00a0<\/span><span data-contrast=\"auto\">67\u00a0%\u00a0<\/span><span data-contrast=\"auto\">aller<\/span><span data-contrast=\"auto\">\u00a0Teilnehmer\u00a0<\/span><span data-contrast=\"auto\">gingen nun 1-2\u00a0Stunden vor Mitternacht ins Bett.\u00a0<\/span><span data-contrast=\"auto\">Viele Fr\u00fchaufsteher wurden zu Mittellang<\/span><span data-contrast=\"auto\">schl\u00e4fern,<\/span><span data-contrast=\"auto\">\u00a0und viele<\/span><span data-contrast=\"auto\">\u00a0<\/span><span data-contrast=\"auto\">Mittellangschl\u00e4fer wurden zu Langschl\u00e4fern.\u00a0<\/span><\/p>\n<p><span data-contrast=\"auto\">Die Telefonbefragungen ergaben keine Schlafbeschwerden<\/span><span data-contrast=\"auto\">,<\/span><span data-contrast=\"auto\">\u00a0aber<\/span><span data-contrast=\"auto\">\u00a0ein geringer Teil<\/span><span data-contrast=\"auto\">\u00a0<\/span><span data-contrast=\"auto\">der\u00a0<\/span><span data-contrast=\"auto\">Teilnehmer<\/span><span data-contrast=\"auto\">\u00a0(&lt; 2\u00a0%)<\/span><span data-contrast=\"auto\">\u00a0<\/span><span data-contrast=\"auto\">sagte, dass sie\u00a0<\/span><span data-contrast=\"auto\">zu Beginn der\u00a0<\/span><span data-contrast=\"auto\">Selbstisolation<\/span><span data-contrast=\"auto\">\u00a0unter Schlafst\u00f6rungen litten, die in den ersten zwei Wochen verschwande<\/span><span data-contrast=\"auto\">n<\/span><span data-contrast=\"auto\">.\u00a0<\/span><span data-ccp-props=\"{&quot;201341983&quot;:0,&quot;335559739&quot;:160,&quot;335559740&quot;:259}\">\u00a0<\/span> <span data-contrast=\"auto\">Die F\u00e4higkeit, das Schlafverhalten <\/span><span data-contrast=\"auto\">w\u00e4hrend <\/span><span data-contrast=\"auto\">der Quarant\u00e4ne <\/span><span data-contrast=\"auto\">auf einen <\/span><span data-contrast=\"auto\">Zeitplan<\/span> <span data-contrast=\"auto\">umzustellen, der mehr auf pers\u00f6nlichen Vorlieben als auf \u00e4u\u00dferen Faktoren <\/span><span data-contrast=\"auto\">beruht, zeigte, dass <\/span><span data-contrast=\"auto\">etwa<\/span><span data-contrast=\"auto\"> die H\u00e4lfte der Teilnehmer nat\u00fcrliche Langschl\u00e4fer waren, ein Viertel waren Mittellangschl\u00e4fer,<\/span><span data-contrast=\"auto\"> und der Rest<\/span> <span data-contrast=\"auto\">waren entweder<\/span> <span data-contrast=\"auto\">Fr\u00fchaufsteher oder Schl\u00e4fer mit einem gest\u00f6rten Schlafrhythmus.\u00a0<\/span><span data-contrast=\"auto\">Die meisten<\/span><span data-contrast=\"auto\">\u00a0Schlafenden mit einem gest\u00f6rten Schlafrhythmus waren\u00a0<\/span><span data-contrast=\"auto\">M\u00e4nner \u00fcber 50\u00a0Jahre.\u00a0<\/span><span data-ccp-props=\"{&quot;201341983&quot;:0,&quot;335559739&quot;:160,&quot;335559740&quot;:259}\">\u00a0<\/span><\/p>\n<p><b><span data-contrast=\"auto\">COVID und Schlaf<\/span><\/b><span data-ccp-props=\"{&quot;201341983&quot;:0,&quot;335559739&quot;:160,&quot;335559740&quot;:259}\">\u00a0<\/span><\/p>\n<p><span data-contrast=\"auto\">In der wissenschaftlichen Literatur gibt\u00a0<\/span><span data-contrast=\"auto\">es Unterschiede\u00a0<\/span><span data-contrast=\"auto\">bei\u00a0<\/span><span data-contrast=\"auto\">der Standardisierung und Klassifizierung von Chronotypen.\u00a0<\/span><span data-contrast=\"auto\">D<\/span><span data-contrast=\"auto\">ie<\/span><span data-contrast=\"auto\"> Autoren dieses Artikels<\/span> <span data-contrast=\"auto\">kommen zu dem Schluss,<\/span><span data-contrast=\"auto\"> dass ihre<\/span> <span data-contrast=\"auto\">Daten darauf hindeuten,<\/span><span data-contrast=\"auto\"> dass<\/span><span data-contrast=\"auto\"> die<\/span> <span data-contrast=\"auto\">meisten Menschen, wenn sie die M\u00f6glichkeit dazu haben, <\/span><span data-contrast=\"auto\">ihren Schlaf lieber in die <\/span><span data-contrast=\"auto\">sp\u00e4teren Abendstunden verlegen<\/span><span data-contrast=\"auto\">. Einige<\/span><span data-contrast=\"auto\">\u00a0wenige<\/span> <span data-contrast=\"auto\">Studienteilnehmer<\/span><span data-contrast=\"auto\">\u00a0verlegten<\/span><span data-contrast=\"auto\">\u00a0ihren<\/span> <span data-contrast=\"auto\">ihren Schlaf nach vorne<\/span><span data-contrast=\"auto\">,<\/span><span data-contrast=\"auto\">\u00a0und einige andere wenige<\/span><span data-contrast=\"auto\">\u00a0machten ein Nickerchen am Tag.<\/span><span data-contrast=\"auto\">\u00a0Eine Erkl\u00e4rung daf\u00fcr <\/span><span data-contrast=\"auto\">k\u00f6nnte sein, dass <\/span><span data-contrast=\"auto\">der <\/span><span data-contrast=\"auto\"> nat\u00fcrliche Chronotyp vieler Menschen schon immer sp\u00e4ter war<\/span><span data-contrast=\"auto\">;<\/span><span data-contrast=\"auto\">\u00a0sie jedoch<\/span><span data-contrast=\"auto\">\u00a0daran gehindert wurden, <\/span><span data-contrast=\"auto\">ihre <\/span><span data-contrast=\"auto\">Schlafgewohnheiten <\/span><span data-contrast=\"auto\"> an <\/span><span data-contrast=\"auto\">ihre nat\u00fcrlichen Vorlieben<\/span> <span data-contrast=\"auto\">aufgrund von<\/span><span data-contrast=\"auto\">\u00a0sozialem Druck<\/span><span data-contrast=\"auto\">\u00a0und terminlichen Anforderungen anzupassen<\/span><span data-contrast=\"auto\">.<\/span><span data-contrast=\"auto\">\u00a0<\/span><span data-contrast=\"auto\">\u00a0<\/span><span data-ccp-props=\"{&quot;201341983&quot;:0,&quot;335559739&quot;:160,&quot;335559740&quot;:259}\">\u00a0<\/span><\/p>\n<p><b><span data-contrast=\"auto\">Quelle:<\/span><\/b><span data-ccp-props=\"{&quot;201341983&quot;:0,&quot;335559739&quot;:160,&quot;335559740&quot;:259}\">\u00a0<\/span> <span data-contrast=\"none\">AMHSI Research Team<\/span><span data-contrast=\"none\">,<\/span><span data-contrast=\"none\">\u00a0Milken Research Team<\/span><span data-contrast=\"none\">,<\/span><span data-contrast=\"none\">\u00a0<\/span><span data-contrast=\"none\">Roitblat<\/span><span data-contrast=\"none\">,<\/span><span data-contrast=\"none\">\u00a0Y<\/span><span data-contrast=\"none\">.<\/span><span data-contrast=\"none\">, Burger<\/span><span data-contrast=\"none\">,<\/span><span data-contrast=\"none\">\u00a0J<\/span><span data-contrast=\"none\">.<\/span><span data-contrast=\"none\">,\u00a0<\/span><span data-contrast=\"none\">Vaiman<\/span><span data-contrast=\"none\">,<\/span><span data-contrast=\"none\">\u00a0M<\/span><span data-contrast=\"none\">.<\/span><span data-contrast=\"none\">,\u00a0<\/span><span data-contrast=\"none\">Nehuliaieva<\/span><span data-contrast=\"none\">,<\/span><span data-contrast=\"none\">\u00a0L<\/span><span data-contrast=\"none\">.<\/span><span data-contrast=\"none\">,\u00a0<\/span><span data-contrast=\"none\">Buchris<\/span><span data-contrast=\"none\">,<\/span><span data-contrast=\"none\">\u00a0N<\/span><span data-contrast=\"none\">.<\/span><span data-contrast=\"none\">, &amp;\u00a0<\/span><span data-contrast=\"none\">Shterenshis<\/span><span data-contrast=\"none\">,\u00a0<\/span><span data-contrast=\"none\">M.<\/span><span data-ccp-props=\"{&quot;201341983&quot;:0,&quot;335559739&quot;:160,&quot;335559740&quot;:240}\">\u00a0<\/span> <span data-contrast=\"auto\">\u00a0(<\/span><span data-contrast=\"auto\">2021<\/span><span data-contrast=\"auto\">). Owls and larks do not exist: COVID-19 quarantine sleep habits,\u00a0<\/span><i><span data-contrast=\"auto\">Sleep Medicine<\/span><\/i><i><span data-contrast=\"auto\">, 17<\/span><\/i><i><span data-contrast=\"auto\">,\u00a0<\/span><\/i><span data-contrast=\"auto\">177-183<\/span><span data-contrast=\"auto\">.\u00a0<\/span><a href=\"https:\/\/doi.org\/10.1016\/j.sleep.2020.09.003\"><span data-contrast=\"none\">https:\/\/doi.org\/10.1016\/j.sleep.2020.09.003<\/span><\/a><span data-ccp-props=\"{&quot;201341983&quot;:0,&quot;335559685&quot;:720,&quot;335559739&quot;:160,&quot;335559740&quot;:259,&quot;335559991&quot;:720}\">\u00a0<\/span><\/p>\n","protected":false},"excerpt":{"rendered":"<p>Die COVID-Regeln zum\u00a0Zuhausebleiben\u00a0bieten\u00a0den Forschern eine einzigartige\u00a0Gelegenheit,\u00a0Ver\u00e4nderungen\u00a0der\u00a0Schlafgewohnheiten\u00a0mit weniger \u00e4u\u00dferen Einschr\u00e4nkungen zu untersuchen.\u00a0In einer k\u00fcrzlich durchgef\u00fchrten Studie wurde untersucht, wie sich die Ver\u00e4nderungen, die durch die Selbstisolation hervorgerufen werden, mit den bevorzugten Schlafgewohnheiten der Menschen decken.\u00a0\u00a0 Studie:\u00a0&#8230;<\/p>\n","protected":false},"author":1,"featured_media":10476,"comment_status":"closed","ping_status":"closed","sticky":false,"template":"","format":"standard","meta":{"_acf_changed":false,"footnotes":""},"categories":[4072,4064,4087],"tags":[],"class_list":["post-10700","post","type-post","status-publish","format-standard","has-post-thumbnail","hentry","category-blog-de","category-unkategorisiert","category-wissenschaft"],"acf":[],"yoast_head":"<!-- This site is optimized with the Yoast SEO plugin v27.4 - https:\/\/yoast.com\/product\/yoast-seo-wordpress\/ -->\n<title>Schlafmuster in COVID-19 | Sleep.ai<\/title>\n<meta name=\"description\" content=\"Neue Forschung zeigt, wie Langschl\u00e4fer und Fr\u00fchaufsteher w\u00e4hrend der Pandemie ihr Schlafverhalten ver\u00e4ndert haben.\" \/>\n<meta name=\"robots\" content=\"index, follow, max-snippet:-1, max-image-preview:large, max-video-preview:-1\" \/>\n<link rel=\"canonical\" href=\"https:\/\/www.sleep.ai\/de\/blog-de\/die-neusten-erkenntnisse-aus-der-schlafforschung-langschlfer-und-frhaufsteher-whrend-covid-19\/\" \/>\n<meta property=\"og:locale\" content=\"de_DE\" \/>\n<meta property=\"og:type\" content=\"article\" \/>\n<meta property=\"og:title\" content=\"Schlafmuster in COVID-19 | Sleep.ai\" \/>\n<meta property=\"og:description\" content=\"Neue Forschung zeigt, wie Langschl\u00e4fer und Fr\u00fchaufsteher w\u00e4hrend der Pandemie ihr Schlafverhalten ver\u00e4ndert haben.\" \/>\n<meta property=\"og:url\" content=\"https:\/\/www.sleep.ai\/de\/blog-de\/die-neusten-erkenntnisse-aus-der-schlafforschung-langschlfer-und-frhaufsteher-whrend-covid-19\/\" \/>\n<meta property=\"og:site_name\" content=\"Sleep.ai\" \/>\n<meta property=\"article:published_time\" content=\"2021-12-06T19:36:34+00:00\" \/>\n<meta property=\"article:modified_time\" content=\"2025-09-26T12:28:26+00:00\" \/>\n<meta property=\"og:image\" content=\"https:\/\/www.sleep.ai\/app\/uploads\/2021\/02\/iStock-1224338284.jpg\" \/>\n\t<meta property=\"og:image:width\" content=\"1254\" \/>\n\t<meta property=\"og:image:height\" content=\"836\" \/>\n\t<meta property=\"og:image:type\" content=\"image\/jpeg\" \/>\n<meta name=\"author\" content=\"SleepScore Labs\" \/>\n<meta name=\"twitter:card\" content=\"summary_large_image\" \/>\n<meta name=\"twitter:label1\" content=\"Written by\" \/>\n\t<meta name=\"twitter:data1\" content=\"SleepScore Labs\" \/>\n\t<meta name=\"twitter:label2\" content=\"Est. reading time\" \/>\n\t<meta name=\"twitter:data2\" content=\"4 minutes\" \/>\n<script type=\"application\/ld+json\" class=\"yoast-schema-graph\">{\"@context\":\"https:\\\/\\\/schema.org\",\"@graph\":[{\"@type\":\"Article\",\"@id\":\"https:\\\/\\\/www.sleep.ai\\\/de\\\/blog-de\\\/die-neusten-erkenntnisse-aus-der-schlafforschung-langschlfer-und-frhaufsteher-whrend-covid-19\\\/#article\",\"isPartOf\":{\"@id\":\"https:\\\/\\\/www.sleep.ai\\\/de\\\/blog-de\\\/die-neusten-erkenntnisse-aus-der-schlafforschung-langschlfer-und-frhaufsteher-whrend-covid-19\\\/\"},\"author\":{\"name\":\"SleepScore Labs\",\"@id\":\"https:\\\/\\\/www.sleep.ai\\\/de\\\/#\\\/schema\\\/person\\\/62858797730922cebe308826534f5fb2\"},\"headline\":\"Die neusten Erkenntnisse aus der Schlafforschung: Langschl&auml;fer und Fr&uuml;haufsteher w&auml;hrend COVID-19\",\"datePublished\":\"2021-12-06T19:36:34+00:00\",\"dateModified\":\"2025-09-26T12:28:26+00:00\",\"mainEntityOfPage\":{\"@id\":\"https:\\\/\\\/www.sleep.ai\\\/de\\\/blog-de\\\/die-neusten-erkenntnisse-aus-der-schlafforschung-langschlfer-und-frhaufsteher-whrend-covid-19\\\/\"},\"wordCount\":763,\"image\":{\"@id\":\"https:\\\/\\\/www.sleep.ai\\\/de\\\/blog-de\\\/die-neusten-erkenntnisse-aus-der-schlafforschung-langschlfer-und-frhaufsteher-whrend-covid-19\\\/#primaryimage\"},\"thumbnailUrl\":\"https:\\\/\\\/www.sleep.ai\\\/app\\\/uploads\\\/2021\\\/02\\\/iStock-1224338284.jpg\",\"articleSection\":[\"Blog\",\"Unkategorisiert\",\"Wissenschaft\"],\"inLanguage\":\"de-DE\"},{\"@type\":\"WebPage\",\"@id\":\"https:\\\/\\\/www.sleep.ai\\\/de\\\/blog-de\\\/die-neusten-erkenntnisse-aus-der-schlafforschung-langschlfer-und-frhaufsteher-whrend-covid-19\\\/\",\"url\":\"https:\\\/\\\/www.sleep.ai\\\/de\\\/blog-de\\\/die-neusten-erkenntnisse-aus-der-schlafforschung-langschlfer-und-frhaufsteher-whrend-covid-19\\\/\",\"name\":\"Schlafmuster in COVID-19 | Sleep.ai\",\"isPartOf\":{\"@id\":\"https:\\\/\\\/www.sleep.ai\\\/de\\\/#website\"},\"primaryImageOfPage\":{\"@id\":\"https:\\\/\\\/www.sleep.ai\\\/de\\\/blog-de\\\/die-neusten-erkenntnisse-aus-der-schlafforschung-langschlfer-und-frhaufsteher-whrend-covid-19\\\/#primaryimage\"},\"image\":{\"@id\":\"https:\\\/\\\/www.sleep.ai\\\/de\\\/blog-de\\\/die-neusten-erkenntnisse-aus-der-schlafforschung-langschlfer-und-frhaufsteher-whrend-covid-19\\\/#primaryimage\"},\"thumbnailUrl\":\"https:\\\/\\\/www.sleep.ai\\\/app\\\/uploads\\\/2021\\\/02\\\/iStock-1224338284.jpg\",\"datePublished\":\"2021-12-06T19:36:34+00:00\",\"dateModified\":\"2025-09-26T12:28:26+00:00\",\"author\":{\"@id\":\"https:\\\/\\\/www.sleep.ai\\\/de\\\/#\\\/schema\\\/person\\\/62858797730922cebe308826534f5fb2\"},\"description\":\"Neue Forschung zeigt, wie Langschl\u00e4fer und Fr\u00fchaufsteher w\u00e4hrend der Pandemie ihr Schlafverhalten ver\u00e4ndert haben.\",\"breadcrumb\":{\"@id\":\"https:\\\/\\\/www.sleep.ai\\\/de\\\/blog-de\\\/die-neusten-erkenntnisse-aus-der-schlafforschung-langschlfer-und-frhaufsteher-whrend-covid-19\\\/#breadcrumb\"},\"inLanguage\":\"de-DE\",\"potentialAction\":[{\"@type\":\"ReadAction\",\"target\":[\"https:\\\/\\\/www.sleep.ai\\\/de\\\/blog-de\\\/die-neusten-erkenntnisse-aus-der-schlafforschung-langschlfer-und-frhaufsteher-whrend-covid-19\\\/\"]}]},{\"@type\":\"ImageObject\",\"inLanguage\":\"de-DE\",\"@id\":\"https:\\\/\\\/www.sleep.ai\\\/de\\\/blog-de\\\/die-neusten-erkenntnisse-aus-der-schlafforschung-langschlfer-und-frhaufsteher-whrend-covid-19\\\/#primaryimage\",\"url\":\"https:\\\/\\\/www.sleep.ai\\\/app\\\/uploads\\\/2021\\\/02\\\/iStock-1224338284.jpg\",\"contentUrl\":\"https:\\\/\\\/www.sleep.ai\\\/app\\\/uploads\\\/2021\\\/02\\\/iStock-1224338284.jpg\",\"width\":1254,\"height\":836,\"caption\":\"Blick von oben auf einen jungen Mann mit Gesichtsmaske, der ein Kissen umarmt und auf dem Sofa w&auml;hrend der Selbstisolation schl&auml;ft\"},{\"@type\":\"BreadcrumbList\",\"@id\":\"https:\\\/\\\/www.sleep.ai\\\/de\\\/blog-de\\\/die-neusten-erkenntnisse-aus-der-schlafforschung-langschlfer-und-frhaufsteher-whrend-covid-19\\\/#breadcrumb\",\"itemListElement\":[{\"@type\":\"ListItem\",\"position\":1,\"name\":\"Home\",\"item\":\"https:\\\/\\\/www.sleep.ai\\\/de\\\/\"},{\"@type\":\"ListItem\",\"position\":2,\"name\":\"Die neusten Erkenntnisse aus der Schlafforschung: Langschl&auml;fer und Fr&uuml;haufsteher w&auml;hrend COVID-19\"}]},{\"@type\":\"WebSite\",\"@id\":\"https:\\\/\\\/www.sleep.ai\\\/de\\\/#website\",\"url\":\"https:\\\/\\\/www.sleep.ai\\\/de\\\/\",\"name\":\"Sleep ai\",\"description\":\"AI-Powered Sleep Intelligence\",\"potentialAction\":[{\"@type\":\"SearchAction\",\"target\":{\"@type\":\"EntryPoint\",\"urlTemplate\":\"https:\\\/\\\/www.sleep.ai\\\/de\\\/?s={search_term_string}\"},\"query-input\":{\"@type\":\"PropertyValueSpecification\",\"valueRequired\":true,\"valueName\":\"search_term_string\"}}],\"inLanguage\":\"de-DE\"},{\"@type\":\"Person\",\"@id\":\"https:\\\/\\\/www.sleep.ai\\\/de\\\/#\\\/schema\\\/person\\\/62858797730922cebe308826534f5fb2\",\"name\":\"SleepScore Labs\"}]}<\/script>\n<!-- \/ Yoast SEO plugin. -->","yoast_head_json":{"title":"Schlafmuster in COVID-19 | Sleep.ai","description":"Neue Forschung zeigt, wie Langschl\u00e4fer und Fr\u00fchaufsteher w\u00e4hrend der Pandemie ihr Schlafverhalten ver\u00e4ndert haben.","robots":{"index":"index","follow":"follow","max-snippet":"max-snippet:-1","max-image-preview":"max-image-preview:large","max-video-preview":"max-video-preview:-1"},"canonical":"https:\/\/www.sleep.ai\/de\/blog-de\/die-neusten-erkenntnisse-aus-der-schlafforschung-langschlfer-und-frhaufsteher-whrend-covid-19\/","og_locale":"de_DE","og_type":"article","og_title":"Schlafmuster in COVID-19 | Sleep.ai","og_description":"Neue Forschung zeigt, wie Langschl\u00e4fer und Fr\u00fchaufsteher w\u00e4hrend der Pandemie ihr Schlafverhalten ver\u00e4ndert haben.","og_url":"https:\/\/www.sleep.ai\/de\/blog-de\/die-neusten-erkenntnisse-aus-der-schlafforschung-langschlfer-und-frhaufsteher-whrend-covid-19\/","og_site_name":"Sleep.ai","article_published_time":"2021-12-06T19:36:34+00:00","article_modified_time":"2025-09-26T12:28:26+00:00","og_image":[{"width":1254,"height":836,"url":"https:\/\/www.sleep.ai\/app\/uploads\/2021\/02\/iStock-1224338284.jpg","type":"image\/jpeg"}],"author":"SleepScore Labs","twitter_card":"summary_large_image","twitter_misc":{"Written by":"SleepScore Labs","Est. reading time":"4 minutes"},"schema":{"@context":"https:\/\/schema.org","@graph":[{"@type":"Article","@id":"https:\/\/www.sleep.ai\/de\/blog-de\/die-neusten-erkenntnisse-aus-der-schlafforschung-langschlfer-und-frhaufsteher-whrend-covid-19\/#article","isPartOf":{"@id":"https:\/\/www.sleep.ai\/de\/blog-de\/die-neusten-erkenntnisse-aus-der-schlafforschung-langschlfer-und-frhaufsteher-whrend-covid-19\/"},"author":{"name":"SleepScore Labs","@id":"https:\/\/www.sleep.ai\/de\/#\/schema\/person\/62858797730922cebe308826534f5fb2"},"headline":"Die neusten Erkenntnisse aus der Schlafforschung: Langschl&auml;fer und Fr&uuml;haufsteher w&auml;hrend COVID-19","datePublished":"2021-12-06T19:36:34+00:00","dateModified":"2025-09-26T12:28:26+00:00","mainEntityOfPage":{"@id":"https:\/\/www.sleep.ai\/de\/blog-de\/die-neusten-erkenntnisse-aus-der-schlafforschung-langschlfer-und-frhaufsteher-whrend-covid-19\/"},"wordCount":763,"image":{"@id":"https:\/\/www.sleep.ai\/de\/blog-de\/die-neusten-erkenntnisse-aus-der-schlafforschung-langschlfer-und-frhaufsteher-whrend-covid-19\/#primaryimage"},"thumbnailUrl":"https:\/\/www.sleep.ai\/app\/uploads\/2021\/02\/iStock-1224338284.jpg","articleSection":["Blog","Unkategorisiert","Wissenschaft"],"inLanguage":"de-DE"},{"@type":"WebPage","@id":"https:\/\/www.sleep.ai\/de\/blog-de\/die-neusten-erkenntnisse-aus-der-schlafforschung-langschlfer-und-frhaufsteher-whrend-covid-19\/","url":"https:\/\/www.sleep.ai\/de\/blog-de\/die-neusten-erkenntnisse-aus-der-schlafforschung-langschlfer-und-frhaufsteher-whrend-covid-19\/","name":"Schlafmuster in COVID-19 | Sleep.ai","isPartOf":{"@id":"https:\/\/www.sleep.ai\/de\/#website"},"primaryImageOfPage":{"@id":"https:\/\/www.sleep.ai\/de\/blog-de\/die-neusten-erkenntnisse-aus-der-schlafforschung-langschlfer-und-frhaufsteher-whrend-covid-19\/#primaryimage"},"image":{"@id":"https:\/\/www.sleep.ai\/de\/blog-de\/die-neusten-erkenntnisse-aus-der-schlafforschung-langschlfer-und-frhaufsteher-whrend-covid-19\/#primaryimage"},"thumbnailUrl":"https:\/\/www.sleep.ai\/app\/uploads\/2021\/02\/iStock-1224338284.jpg","datePublished":"2021-12-06T19:36:34+00:00","dateModified":"2025-09-26T12:28:26+00:00","author":{"@id":"https:\/\/www.sleep.ai\/de\/#\/schema\/person\/62858797730922cebe308826534f5fb2"},"description":"Neue Forschung zeigt, wie Langschl\u00e4fer und Fr\u00fchaufsteher w\u00e4hrend der Pandemie ihr Schlafverhalten ver\u00e4ndert haben.","breadcrumb":{"@id":"https:\/\/www.sleep.ai\/de\/blog-de\/die-neusten-erkenntnisse-aus-der-schlafforschung-langschlfer-und-frhaufsteher-whrend-covid-19\/#breadcrumb"},"inLanguage":"de-DE","potentialAction":[{"@type":"ReadAction","target":["https:\/\/www.sleep.ai\/de\/blog-de\/die-neusten-erkenntnisse-aus-der-schlafforschung-langschlfer-und-frhaufsteher-whrend-covid-19\/"]}]},{"@type":"ImageObject","inLanguage":"de-DE","@id":"https:\/\/www.sleep.ai\/de\/blog-de\/die-neusten-erkenntnisse-aus-der-schlafforschung-langschlfer-und-frhaufsteher-whrend-covid-19\/#primaryimage","url":"https:\/\/www.sleep.ai\/app\/uploads\/2021\/02\/iStock-1224338284.jpg","contentUrl":"https:\/\/www.sleep.ai\/app\/uploads\/2021\/02\/iStock-1224338284.jpg","width":1254,"height":836,"caption":"Blick von oben auf einen jungen Mann mit Gesichtsmaske, der ein Kissen umarmt und auf dem Sofa w&auml;hrend der Selbstisolation schl&auml;ft"},{"@type":"BreadcrumbList","@id":"https:\/\/www.sleep.ai\/de\/blog-de\/die-neusten-erkenntnisse-aus-der-schlafforschung-langschlfer-und-frhaufsteher-whrend-covid-19\/#breadcrumb","itemListElement":[{"@type":"ListItem","position":1,"name":"Home","item":"https:\/\/www.sleep.ai\/de\/"},{"@type":"ListItem","position":2,"name":"Die neusten Erkenntnisse aus der Schlafforschung: Langschl&auml;fer und Fr&uuml;haufsteher w&auml;hrend COVID-19"}]},{"@type":"WebSite","@id":"https:\/\/www.sleep.ai\/de\/#website","url":"https:\/\/www.sleep.ai\/de\/","name":"Sleep ai","description":"AI-Powered Sleep Intelligence","potentialAction":[{"@type":"SearchAction","target":{"@type":"EntryPoint","urlTemplate":"https:\/\/www.sleep.ai\/de\/?s={search_term_string}"},"query-input":{"@type":"PropertyValueSpecification","valueRequired":true,"valueName":"search_term_string"}}],"inLanguage":"de-DE"},{"@type":"Person","@id":"https:\/\/www.sleep.ai\/de\/#\/schema\/person\/62858797730922cebe308826534f5fb2","name":"SleepScore Labs"}]}},"_links":{"self":[{"href":"https:\/\/www.sleep.ai\/de\/wp-json\/wp\/v2\/posts\/10700","targetHints":{"allow":["GET"]}}],"collection":[{"href":"https:\/\/www.sleep.ai\/de\/wp-json\/wp\/v2\/posts"}],"about":[{"href":"https:\/\/www.sleep.ai\/de\/wp-json\/wp\/v2\/types\/post"}],"author":[{"embeddable":true,"href":"https:\/\/www.sleep.ai\/de\/wp-json\/wp\/v2\/users\/1"}],"replies":[{"embeddable":true,"href":"https:\/\/www.sleep.ai\/de\/wp-json\/wp\/v2\/comments?post=10700"}],"version-history":[{"count":2,"href":"https:\/\/www.sleep.ai\/de\/wp-json\/wp\/v2\/posts\/10700\/revisions"}],"predecessor-version":[{"id":14638,"href":"https:\/\/www.sleep.ai\/de\/wp-json\/wp\/v2\/posts\/10700\/revisions\/14638"}],"wp:featuredmedia":[{"embeddable":true,"href":"https:\/\/www.sleep.ai\/de\/wp-json\/wp\/v2\/media\/10476"}],"wp:attachment":[{"href":"https:\/\/www.sleep.ai\/de\/wp-json\/wp\/v2\/media?parent=10700"}],"wp:term":[{"taxonomy":"category","embeddable":true,"href":"https:\/\/www.sleep.ai\/de\/wp-json\/wp\/v2\/categories?post=10700"},{"taxonomy":"post_tag","embeddable":true,"href":"https:\/\/www.sleep.ai\/de\/wp-json\/wp\/v2\/tags?post=10700"}],"curies":[{"name":"wp","href":"https:\/\/api.w.org\/{rel}","templated":true}]}}